{"id":42216,"date":"2024-09-27T01:46:24","date_gmt":"2024-09-27T01:46:24","guid":{"rendered":"https:\/\/tvbrazilusa.com\/2024\/09\/27\/tarcisio-vai-ter-que-pedir-desculpas-afirma-pablo-marcal\/"},"modified":"2024-09-27T01:46:25","modified_gmt":"2024-09-27T01:46:25","slug":"tarcisio-vai-ter-que-pedir-desculpas-afirma-pablo-marcal","status":"publish","type":"post","link":"https:\/\/tvbrazilusa.com\/pt\/2024\/09\/27\/tarcisio-vai-ter-que-pedir-desculpas-afirma-pablo-marcal\/","title":{"rendered":"Tarc\u00edsio vai ter que pedir desculpas, afirma Pablo Mar\u00e7al"},"content":{"rendered":"<p> <script async src=\"https:\/\/pagead2.googlesyndication.com\/pagead\/js\/adsbygoogle.js?client=ca-pub-8864793242727901\"\r\n     crossorigin=\"anonymous\"><\/script><br \/>\n<\/p>\n<p>O candidato \u00e0 Prefeitura de S\u00e3o Paulo, Pablo Mar\u00e7al (PRTB), declarou nesta quarta-feira (25) que o governador Tarc\u00edsio de Freitas (Republicanos) ter\u00e1 que \u201cpedir desculpas\u201d a ele caso Mar\u00e7al ven\u00e7a a elei\u00e7\u00e3o na capital paulista.\n<\/p>\n<div id=\"conex-1173807946\">\u00a0<\/p>\n<p>Durante uma entrevista ao programa SP1, da\u00a0<a title=\"Not\u00edcias da TV\" href=\"https:\/\/conexao1.com\/category\/noticias-da-tv\/\" data-internallinksmanager029f6b8e52c=\"23\">TV<\/a>\u00a0Globo S\u00e3o Paulo, Mar\u00e7al sugeriu que, apesar das cr\u00edticas, ele e Tarc\u00edsio formar\u00e3o uma \u201cdupla brilhante\u201d na gest\u00e3o da cidade.<\/p>\n<p>\u201cEu falei que \u00e9 um apelido provis\u00f3rio mesmo, das elei\u00e7\u00f5es, j\u00e1 que ele est\u00e1 me atacando e depois vai ter que pedir desculpas tamb\u00e9m, por tudo que ele falou ao meu respeito\u201d, afirmou o candidato.\n<\/p>\n<p>A provoca\u00e7\u00e3o se refere ao apelido \u201cgoiabinha\u201d, que Mar\u00e7al passou a usar para se referir a Tarc\u00edsio. A escolha do termo segue a l\u00f3gica do empres\u00e1rio em chamar o atual prefeito de S\u00e3o Paulo, Ricardo Nunes (MDB), de \u201cbananinha\u201d, em oposi\u00e7\u00e3o ao apoio do governador \u00e0 reelei\u00e7\u00e3o de Nunes.\n<\/p>\n<p>Mesmo com o tom das cr\u00edticas, Mar\u00e7al afirmou que tem \u201cmuito respeito\u201d por Tarc\u00edsio, dizendo que o ajudou na campanha para o governo paulista em 2022. Ele ainda mencionou um suposto acordo entre os dois, no qual se comprometiam a n\u00e3o se atacarem publicamente. \u201cTenho um respeito muito grande por voc\u00ea, Tarc\u00edsio. Agora, n\u00e3o enterre a sua carreira. [\u2026] Te pe\u00e7o para manter esse combinado\u201d, apelou Mar\u00e7al.\n<\/p>\n<p>A troca de farpas entre os dois vem acontecendo desde agosto, quando Tarc\u00edsio decidiu apoiar a reelei\u00e7\u00e3o de Ricardo Nunes, que aparece \u00e0 frente de Mar\u00e7al nas pesquisas. Na ocasi\u00e3o, o governador indicou um aumento na rejei\u00e7\u00e3o eleitoral do empres\u00e1rio.\n<\/p>\n<p>Em resposta, Mar\u00e7al afirmou que Tarc\u00edsio \u00e9 uma \u201ccriatura feita pela transmiss\u00e3o de voto do\u00a0<a title=\"Jair Bolsonaro\" href=\"https:\/\/www.conexaopolitica.com.br\/tag\/jair-bolsonaro\/\" data-internallinksmanager029f6b8e52c=\"2\">Bolsonaro<\/a>\u201d e alertou que o governador enfrentaria um \u201cproblema muito s\u00e9rio\u201d caso continuasse a atac\u00e1-lo.\n<\/p>\n<p><strong>Conex\u00e3o Pol\u00edtica\u00a0<\/strong>\n<\/p>\n<\/div>\n<p><br \/>\n<br \/><a href=\"https:\/\/diariodobrasilnoticias.com.br\/noticia\/tarcisio-vai-ter-que-pedir-desculpas-afirma-pablo-marcal-66f5e8ad90293\">Source link <\/a><\/p>","protected":false},"excerpt":{"rendered":"<p>O candidato \u00e0 Prefeitura de S\u00e3o Paulo, Pablo Mar\u00e7al (PRTB), declarou nesta quarta-feira (25) que o governador Tarc\u00edsio de Freitas (Republicanos) ter\u00e1 que \u201cpedir desculpas\u201d a ele caso Mar\u00e7al ven\u00e7a&hellip;<\/p>","protected":false},"author":1,"featured_media":42217,"comment_status":"closed","ping_status":"open","sticky":false,"template":"","format":"standard","meta":{"content-type":"","footnotes":""},"categories":[16],"tags":[123,2448,5313,1267],"class_list":["post-42216","post","type-post","status-publish","format-standard","has-post-thumbnail","hentry","category-noticias","tag-brasil","tag-diario","tag-noticia","tag-noticias"],"_links":{"self":[{"href":"https:\/\/tvbrazilusa.com\/pt\/wp-json\/wp\/v2\/posts\/42216","targetHints":{"allow":["GET"]}}],"collection":[{"href":"https:\/\/tvbrazilusa.com\/pt\/wp-json\/wp\/v2\/posts"}],"about":[{"href":"https:\/\/tvbrazilusa.com\/pt\/wp-json\/wp\/v2\/types\/post"}],"author":[{"embeddable":true,"href":"https:\/\/tvbrazilusa.com\/pt\/wp-json\/wp\/v2\/users\/1"}],"replies":[{"embeddable":true,"href":"https:\/\/tvbrazilusa.com\/pt\/wp-json\/wp\/v2\/comments?post=42216"}],"version-history":[{"count":1,"href":"https:\/\/tvbrazilusa.com\/pt\/wp-json\/wp\/v2\/posts\/42216\/revisions"}],"predecessor-version":[{"id":42218,"href":"https:\/\/tvbrazilusa.com\/pt\/wp-json\/wp\/v2\/posts\/42216\/revisions\/42218"}],"wp:featuredmedia":[{"embeddable":true,"href":"https:\/\/tvbrazilusa.com\/pt\/wp-json\/wp\/v2\/media\/42217"}],"wp:attachment":[{"href":"https:\/\/tvbrazilusa.com\/pt\/wp-json\/wp\/v2\/media?parent=42216"}],"wp:term":[{"taxonomy":"category","embeddable":true,"href":"https:\/\/tvbrazilusa.com\/pt\/wp-json\/wp\/v2\/categories?post=42216"},{"taxonomy":"post_tag","embeddable":true,"href":"https:\/\/tvbrazilusa.com\/pt\/wp-json\/wp\/v2\/tags?post=42216"}],"curies":[{"name":"wp","href":"https:\/\/api.w.org\/{rel}","templated":true}]}}