{"id":42230,"date":"2024-09-27T02:39:32","date_gmt":"2024-09-27T02:39:32","guid":{"rendered":"https:\/\/tvbrazilusa.com\/2024\/09\/27\/mae-de-davi-brito-revela-estar-recebendo-ameacas\/"},"modified":"2024-09-27T02:39:33","modified_gmt":"2024-09-27T02:39:33","slug":"mae-de-davi-brito-revela-estar-recebendo-ameacas","status":"publish","type":"post","link":"https:\/\/tvbrazilusa.com\/pt\/2024\/09\/27\/mae-de-davi-brito-revela-estar-recebendo-ameacas\/","title":{"rendered":"M\u00e3e de Davi Brito revela estar recebendo amea\u00e7as"},"content":{"rendered":"<p> <script async src=\"https:\/\/pagead2.googlesyndication.com\/pagead\/js\/adsbygoogle.js?client=ca-pub-8864793242727901\"\r\n     crossorigin=\"anonymous\"><\/script><br \/>\n<\/p>\n<p>Na manh\u00e3 desta quinta-feira, 26, Elisangela Brito compartilhou um v\u00eddeo em seu perfil do Instagram, revelando que est\u00e1 sofrendo amea\u00e7as e tortura psicol\u00f3gica. Em meio \u00e0 tens\u00e3o, decidiu procurar ajuda da pol\u00edcia para enfrentar a situa\u00e7\u00e3o. A declara\u00e7\u00e3o veio seguida de um pedido de apoio aos seus seguidores, marcando um momento delicado e complexo em sua vida.\n<\/p>\n<p>Elisangela explicou no v\u00eddeo que j\u00e1 vinha sofrendo coa\u00e7\u00f5es e tortura psicol\u00f3gica h\u00e1 algum tempo, mas s\u00f3 agora sentiu a necessidade urgente de buscar ajuda oficial. \u201cEu pe\u00e7o perd\u00e3o por tudo que est\u00e1 acontecendo, mas a gente n\u00e3o tem para onde correr. Ontem foi um dia daquele jeito. Eu vou \u00e0 delegacia de crimes cibern\u00e9ticos, na delegacia da mulher\u201d, afirmou. Ela destacou o medo de sujar sua imagem, o que a mantinha \u00e0 margem de buscar socorro antes.<\/p>\n<div>\n<p>Decidida a n\u00e3o mais permanecer em sil\u00eancio, Elisangela escolheu apresentarse \u00e0 pol\u00edcia junto ao seu celular, contendo as provas contra seus agressores. \u201cEu n\u00e3o sou Davi que deixa, eu vou mostrar meu celular \u00e0 pol\u00edcia. Se eu for culpada, eu quero ser presa, mas se a pessoa for culpada eu quero que ele seja preso\u201d, destacou. Sua coragem em expor sua vulnerabilidade tamb\u00e9m \u00e9 um chamado aos seguidores para fortalec\u00ea-la nesta jornada por justi\u00e7a.\n<\/p>\n<h2 class=\"wp-block-heading\">Como os Familiares de Elisangela Brito Reagiram?<\/h2>\n<p>Recentemente, Elisangela foi exposta por familiares, incluindo sua filha Raquel Brito, atualmente no elenco de A Fazenda 16. A situa\u00e7\u00e3o se desenrolou quando duas irm\u00e3s e uma sobrinha revoltaram-se diante das falas de Raquel no reality show, revelando diversos problemas familiares. Este confronto familiar trouxe ainda mais holofotes ao caso, j\u00e1 conturbado pelas novas acusa\u00e7\u00f5es de Elisangela.\n<\/p>\n<h3 class=\"wp-block-heading\">Pronunciamento de Raquel Brito<\/h3>\n<p>\u00a0<\/p>\n<p>Raquel tamb\u00e9m compartilhou sua perspectiva, afirmando que j\u00e1 havia sido agredida por parentes em momentos diferentes de sua vida. Em rea\u00e7\u00e3o \u00e0s revela\u00e7\u00f5es, Raquel emitiu uma nota de esclarecimento atrav\u00e9s de seus advogados, prometendo medidas judiciais para enfrentar a situa\u00e7\u00e3o. A tens\u00e3o familiar parece ter atingido um \u00e1pice no momento em que Elisangela e Raquel decidiram trazer \u00e0 tona suas verdades.\n<\/p>\n<h2 class=\"wp-block-heading\">O Suporte dos Seguidores<\/h2>\n<p>Elisangela finalizou seu v\u00eddeo apelando ao apoio dos seguidores em sua luta por justi\u00e7a e coragem para buscar ajuda. \u201cConto com todos na luta da coragem de buscar ajuda e eu vou buscar. Fui uma v\u00edtima e todos j\u00e1 podem perceber por v\u00eddeos que quando n\u00e3o obedecemos a ele o que ele faz\u201d, declarou, instigando seus seguidores a se unirem a ela nesta batalha.\n<\/p>\n<p>\u00a0<\/p>\n<p>Embora o perpetrador das amea\u00e7as n\u00e3o tenha sido nomeado diretamente, a situa\u00e7\u00e3o de Elisangela sublinha a import\u00e2ncia do apoio e da solidariedade em tempos dif\u00edceis. Seu pedido por apoio \u00e9 um lembrete de que, em momentos de dificuldade, a uni\u00e3o e o reconhecimento de terceiros podem ser fundamentais para a busca por justi\u00e7a e paz.\n<\/p>\n<p>O caso de Elisangela Brito continua a se desenrolar, e a busca por justi\u00e7a \u00e9 um testemunho de sua determina\u00e7\u00e3o e coragem ao enfrentar adversidades. Enquanto as autoridades prosseguem com as investiga\u00e7\u00f5es, a vigil\u00e2ncia do p\u00fablico segue alta, aguardando respostas e solu\u00e7\u00f5es.\n<\/p>\n<p><strong>Terra Brasil Not\u00edcias\u00a0<\/strong>\n<\/p>\n<\/div>\n<p><br \/>\n<br \/><a href=\"https:\/\/diariodobrasilnoticias.com.br\/noticia\/mae-de-davi-brito-revela-estar-recebendo-ameacas-66f5ec5bbd036\">Source link <\/a><\/p>","protected":false},"excerpt":{"rendered":"<p>Na manh\u00e3 desta quinta-feira, 26, Elisangela Brito compartilhou um v\u00eddeo em seu perfil do Instagram, revelando que est\u00e1 sofrendo amea\u00e7as e tortura psicol\u00f3gica. Em meio \u00e0 tens\u00e3o, decidiu procurar ajuda&hellip;<\/p>","protected":false},"author":1,"featured_media":42231,"comment_status":"closed","ping_status":"open","sticky":false,"template":"","format":"standard","meta":{"content-type":"","footnotes":""},"categories":[16],"tags":[123,2448,5313,1267],"class_list":["post-42230","post","type-post","status-publish","format-standard","has-post-thumbnail","hentry","category-noticias","tag-brasil","tag-diario","tag-noticia","tag-noticias"],"_links":{"self":[{"href":"https:\/\/tvbrazilusa.com\/pt\/wp-json\/wp\/v2\/posts\/42230","targetHints":{"allow":["GET"]}}],"collection":[{"href":"https:\/\/tvbrazilusa.com\/pt\/wp-json\/wp\/v2\/posts"}],"about":[{"href":"https:\/\/tvbrazilusa.com\/pt\/wp-json\/wp\/v2\/types\/post"}],"author":[{"embeddable":true,"href":"https:\/\/tvbrazilusa.com\/pt\/wp-json\/wp\/v2\/users\/1"}],"replies":[{"embeddable":true,"href":"https:\/\/tvbrazilusa.com\/pt\/wp-json\/wp\/v2\/comments?post=42230"}],"version-history":[{"count":1,"href":"https:\/\/tvbrazilusa.com\/pt\/wp-json\/wp\/v2\/posts\/42230\/revisions"}],"predecessor-version":[{"id":42232,"href":"https:\/\/tvbrazilusa.com\/pt\/wp-json\/wp\/v2\/posts\/42230\/revisions\/42232"}],"wp:featuredmedia":[{"embeddable":true,"href":"https:\/\/tvbrazilusa.com\/pt\/wp-json\/wp\/v2\/media\/42231"}],"wp:attachment":[{"href":"https:\/\/tvbrazilusa.com\/pt\/wp-json\/wp\/v2\/media?parent=42230"}],"wp:term":[{"taxonomy":"category","embeddable":true,"href":"https:\/\/tvbrazilusa.com\/pt\/wp-json\/wp\/v2\/categories?post=42230"},{"taxonomy":"post_tag","embeddable":true,"href":"https:\/\/tvbrazilusa.com\/pt\/wp-json\/wp\/v2\/tags?post=42230"}],"curies":[{"name":"wp","href":"https:\/\/api.w.org\/{rel}","templated":true}]}}