{"id":42233,"date":"2024-09-27T02:40:46","date_gmt":"2024-09-27T02:40:46","guid":{"rendered":"https:\/\/tvbrazilusa.com\/2024\/09\/27\/1a-turma-do-stf-forma-maioria-para-manter-bloqueio-em-perfis-de-monark-paulo-figueiredo\/"},"modified":"2024-09-27T02:52:30","modified_gmt":"2024-09-27T02:52:30","slug":"1a-turma-do-stf-forma-maioria-para-manter-bloqueio-em-perfis-de-monark-paulo-figueiredo","status":"publish","type":"post","link":"https:\/\/tvbrazilusa.com\/pt\/2024\/09\/27\/1a-turma-do-stf-forma-maioria-para-manter-bloqueio-em-perfis-de-monark-paulo-figueiredo\/","title":{"rendered":"1\u00aa Turma do STF forma maioria para manter bloqueio em perfis de Monark &#8211; Paulo Figueiredo"},"content":{"rendered":"<p> <script async src=\"https:\/\/pagead2.googlesyndication.com\/pagead\/js\/adsbygoogle.js?client=ca-pub-8864793242727901\"\r\n     crossorigin=\"anonymous\"><\/script><br \/>\n<\/p>\n<div id=\"wtr-content\" data-bg=\"#FFFFFF\" data-fg=\"#006d91\" data-width=\"25\" data-mute=\"1\" data-fgopacity=\"1.00\" data-mutedopacity=\"0.5\" data-placement=\"bottom\" data-placement-offset=\"0\" data-content-offset=\"262\" data-placement-touch=\"bottom\" data-placement-offset-touch=\"0\" data-transparent=\"\" data-shadow=\"0\" data-touch=\"1\" data-non-touch=\"1\" data-comments=\"0\" data-commentsbg=\"transparent\" data-location=\"page\" data-mutedfg=\"#006d91\" data-endfg=\"#006d91\" data-rtl=\"\">\n<h3 class=\"wp-block-heading\">A Primeira Turma do STF formou maioria para manter bloqueio dos perfis do influenciador Bruno Monteiro Aiub, conhecido como Monark.<\/h3>\n<p>A Primeira Turma do Supremo Tribunal Federal (STF) formou maioria para manter os perfis do influenciador digital Bruno Monteiro Aiub, conhecido como Monark, bloqueados. O colegiado analisa um recurso apresentado pela rede social\u00a0<em>Discord<\/em>\u00a0e outro protocolado pelo X.<\/p>\n<p>O julgamento come\u00e7ou no \u00faltimo dia 20 e est\u00e1 previsto para terminar nesta sexta-feira (27). O caso \u00e9 analisado no plen\u00e1rio virtual, nesta modalidade os ministros apenas depositam seus votos no sistema eletr\u00f4nico do STF.<\/p>\n<p>At\u00e9 o fim do prazo, os ministros podem pedir vista, mais tempo para an\u00e1lise dos autos, ou destaque, que levaria a delibera\u00e7\u00e3o ao plen\u00e1rio f\u00edsico. A Primeira Turma \u00e9 formada por 5 ministros.<\/p>\n<p>Prevalece o voto do relator, ministro Alexandre de Moraes, que rejeitou os recursos. Os ministros Fl\u00e1vio Dino e Cristiano Zanin acompanharam o entendimento do relator. Faltam os votos dos ministros Luiz Fux e C\u00e1rmen L\u00facia.<\/p>\n<p>Moraes considerou que as plataformas\u00a0n\u00e3o podem recorrer em nome de terceiros. \u201c\u00c9 incab\u00edvel ao recorrente opor-se ao cumprimento do bloqueio dos canais\/perfis\/contas, nos termos da decis\u00e3o proferida nestes autos em face de Bruno Monteiro Aiub, eis que se trata de direito de terceiro investigado, e por n\u00e3o comportar recorribilidade pela via eleita [agravos regimentais]\u201d, disse.<\/p>\n<p>\u201cN\u00e3o se confunde liberdade de express\u00e3o com impunidade para agress\u00e3o. Dessa maneira, uma vez desvirtuado criminosamente o exerc\u00edcio da liberdade de express\u00e3o, a Constitui\u00e7\u00e3o Federal e a legisla\u00e7\u00e3o autorizam medidas repressivas civis e penais, tanto de natureza cautelar quanto definitivas\u201d, apontou Moraes.<\/p>\n<p>Em janeiro deste ano, a Pol\u00edcia Federal informou ao STF que Monark cometeu crime de desobedi\u00eancia a decis\u00e3o judicial ao n\u00e3o cumprir as ordens de Moraes. A defesa do influenciador argumenta que o bloqueio das redes sociais fere direitos constitucionais, como o da liberdade de express\u00e3o.<\/p>\n<p>Monark teve todas as redes sociais bloqueadas, em junho de 2023, devido a uma entrevista com o deputado federal Filipe Barros (PL-PR) em que o parlamentar citou fragilidades das urnas eletr\u00f4nicas com base em inqu\u00e9rito aberto a pedido do pr\u00f3prio Tribunal Superior Eleitoral (TSE).<\/p>\n<p><strong><a href=\"https:\/\/www.gazetadopovo.com.br\/vida-e-cidadania\/1a-turma-do-stf-forma-maioria-para-manter-bloqueio-em-perfis-de-monark\/\">Source link<\/a><\/strong><\/p>\n<\/div>\n<p><br \/>\n<br \/><a href=\"https:\/\/paulofigueiredoshow.com\/1a-turma-do-stf-forma-maioria-para-manter-bloqueio-em-perfis-de-monark\/\">Source link <\/a><\/p>","protected":false},"excerpt":{"rendered":"<p>A Primeira Turma do STF formou maioria para manter bloqueio dos perfis do influenciador Bruno Monteiro Aiub, conhecido como Monark. A Primeira Turma do Supremo Tribunal Federal (STF) formou maioria&hellip;<\/p>","protected":false},"author":1,"featured_media":42234,"comment_status":"closed","ping_status":"open","sticky":false,"template":"","format":"standard","meta":{"content-type":"","footnotes":""},"categories":[16],"tags":[495,4588,425,12245,871,22987,1593,8483],"class_list":["post-42233","post","type-post","status-publish","format-standard","has-post-thumbnail","hentry","category-noticias","tag-censura","tag-expressao","tag-moraes","tag-perfil","tag-stf","tag-suspenso","tag-tse","tag-turma"],"_links":{"self":[{"href":"https:\/\/tvbrazilusa.com\/pt\/wp-json\/wp\/v2\/posts\/42233","targetHints":{"allow":["GET"]}}],"collection":[{"href":"https:\/\/tvbrazilusa.com\/pt\/wp-json\/wp\/v2\/posts"}],"about":[{"href":"https:\/\/tvbrazilusa.com\/pt\/wp-json\/wp\/v2\/types\/post"}],"author":[{"embeddable":true,"href":"https:\/\/tvbrazilusa.com\/pt\/wp-json\/wp\/v2\/users\/1"}],"replies":[{"embeddable":true,"href":"https:\/\/tvbrazilusa.com\/pt\/wp-json\/wp\/v2\/comments?post=42233"}],"version-history":[{"count":1,"href":"https:\/\/tvbrazilusa.com\/pt\/wp-json\/wp\/v2\/posts\/42233\/revisions"}],"predecessor-version":[{"id":42235,"href":"https:\/\/tvbrazilusa.com\/pt\/wp-json\/wp\/v2\/posts\/42233\/revisions\/42235"}],"wp:featuredmedia":[{"embeddable":true,"href":"https:\/\/tvbrazilusa.com\/pt\/wp-json\/wp\/v2\/media\/42234"}],"wp:attachment":[{"href":"https:\/\/tvbrazilusa.com\/pt\/wp-json\/wp\/v2\/media?parent=42233"}],"wp:term":[{"taxonomy":"category","embeddable":true,"href":"https:\/\/tvbrazilusa.com\/pt\/wp-json\/wp\/v2\/categories?post=42233"},{"taxonomy":"post_tag","embeddable":true,"href":"https:\/\/tvbrazilusa.com\/pt\/wp-json\/wp\/v2\/tags?post=42233"}],"curies":[{"name":"wp","href":"https:\/\/api.w.org\/{rel}","templated":true}]}}