{"id":42256,"date":"2024-09-27T02:22:07","date_gmt":"2024-09-27T02:22:07","guid":{"rendered":"https:\/\/tvbrazilusa.com\/2024\/09\/27\/partido-novo-cobra-informacoes-sobre-bloqueio-do-twitter-x-e-starlink-ao-ministerio-das-comunicacoes-paulo-figueiredo\/"},"modified":"2024-09-27T04:13:21","modified_gmt":"2024-09-27T04:13:21","slug":"partido-novo-cobra-informacoes-sobre-bloqueio-do-twitter-x-e-starlink-ao-ministerio-das-comunicacoes-paulo-figueiredo","status":"publish","type":"post","link":"https:\/\/tvbrazilusa.com\/pt\/2024\/09\/27\/partido-novo-cobra-informacoes-sobre-bloqueio-do-twitter-x-e-starlink-ao-ministerio-das-comunicacoes-paulo-figueiredo\/","title":{"rendered":"Partido Novo cobra informa\u00e7\u00f5es sobre bloqueio do Twitter\/X e Starlink ao Minist\u00e9rio das Comunica\u00e7\u00f5es &#8211; Paulo Figueiredo"},"content":{"rendered":"<p> <script async src=\"https:\/\/pagead2.googlesyndication.com\/pagead\/js\/adsbygoogle.js?client=ca-pub-8864793242727901\"\r\n     crossorigin=\"anonymous\"><\/script><br \/>\n<\/p>\n<div id=\"wtr-content\" data-bg=\"#FFFFFF\" data-fg=\"#006d91\" data-width=\"25\" data-mute=\"1\" data-fgopacity=\"1.00\" data-mutedopacity=\"0.5\" data-placement=\"bottom\" data-placement-offset=\"0\" data-content-offset=\"262\" data-placement-touch=\"bottom\" data-placement-offset-touch=\"0\" data-transparent=\"\" data-shadow=\"0\" data-touch=\"1\" data-non-touch=\"1\" data-comments=\"0\" data-commentsbg=\"transparent\" data-location=\"page\" data-mutedfg=\"#006d91\" data-endfg=\"#006d91\" data-rtl=\"\">\n<h3 class=\"wp-block-heading\">Bancada requer a \u00edntegra dos relat\u00f3rios da Anatel sobre o acesso \u00e0 rede social durante o per\u00edodo de suspens\u00e3o da plataforma<\/h3>\n<p>O Partido Novo apresentou um requerimento de informa\u00e7\u00f5es ao ministro\u00a0<strong>Juscelino Filho<\/strong>\u00a0(Comunica\u00e7\u00f5es) sobre as a\u00e7\u00f5es adotadas pela pasta relacionadas ao bloqueio do Twitter\/X no Brasil e a poss\u00edvel revis\u00e3o da concess\u00e3o da empresa Starlink. Ambas as empresas pertencem a\u00a0<strong>Elon Musk<\/strong>.<\/p>\n<p>No documento, a sigla indica \u201cinconsist\u00eancias\u201d em justificativas apresentadas pela Ag\u00eancia Nacional de Telecomunica\u00e7\u00f5es (Anatel) e pelo Minist\u00e9rio das Comunica\u00e7\u00f5es sobre o envolvimento da empresa Cloudflare no bloqueio da rede social Twitter\/X.<\/p>\n<p>Os parlamentares do Novo solicitaram o \u201cdetalhamento\u201d de como a Cloudflare foi envolvida no processo de suspens\u00e3o do Twitter\/X, uma vez que a informa\u00e7\u00e3o foi negada pelo CEO da empresa.\u00a0<\/p>\n<p>\u201cSolicitamos informa\u00e7\u00f5es sobre todos os contatos da Anatel com a empresa no per\u00edodo, incluindo dia, hora, conte\u00fado das intera\u00e7\u00f5es e identifica\u00e7\u00e3o dos interlocutores da Anatel e da empresa\u201d, requereram os deputados Adriana Ventura (SP), Marcel van Hattem (RS), Gilson Marques (SC) e Ricardo Salles (SP).<\/p>\n<p>Os parlamentares do Novo tamb\u00e9m solicitaram ao Minist\u00e9rio das Comunica\u00e7\u00f5es a apresenta\u00e7\u00e3o de relat\u00f3rios e documentos dos \u201cprocedimentos espec\u00edficos para apurar as alega\u00e7\u00f5es do CEO da Cloudflare, que nega qualquer envolvimento no bloqueio\u201d.<\/p>\n<p>Tamb\u00e9m foi solicitada a \u00edntegra dos relat\u00f3rios da Anatel sobre o acesso do Twitter\/X durante per\u00edodo de bloqueio judicial, conforme solicitado pelo ministro do Alexandre de Moraes, do Supremo Tribunal Federal, e informa\u00e7\u00f5es sobre o n\u00famero de pedidos feitos pela Anatel.<\/p>\n<h3 class=\"wp-block-heading\"><strong>Novo quer que Anatel trate Twitter\/X e Starlink como empresas distintas<\/strong><\/h3>\n<p>No documento de requerimento, os deputados da bancada do Novo indagou quanto \u00e0 poss\u00edvel revis\u00e3o da concess\u00e3o da Starlink no Brasil. Argumentaram que a empresa de internet de alta velocidade e o Twitter\/X \u201cs\u00e3o juridicamente distintas e n\u00e3o deveriam ser penalizadas conjuntamente\u201d.<\/p>\n<p>\u201cComo o minist\u00e9rio pretende justificar, legalmente, tal transfer\u00eancia de penalidade?\u201d, indagou o texto, que requereu a apresenta\u00e7\u00e3o de todas as comunica\u00e7\u00f5es oficiais entre a pasta das Comunica\u00e7\u00f5es e a Starlink.<\/p>\n<p>Por fim, os parlamentares destacaram a necessidade de transpar\u00eancia por parte dos \u00f3rg\u00e3os. \u201cEste requerimento visa esclarecer as a\u00e7\u00f5es da pasta e da Anatel e garantir a transpar\u00eancia de processos que afetam diretamente a liberdade de express\u00e3o no Brasil\u201d, sinalizaram.<\/p>\n<p><strong><a href=\"https:\/\/revistaoeste.com\/politica\/partido-novo-cobra-informacoes-sobre-bloqueio-do-twitter-x-e-starlink-ao-ministerio-das-comunicacoes\/\">Source link<\/a><\/strong><\/p>\n<\/div>\n<p><br \/>\n<br \/><a href=\"https:\/\/paulofigueiredoshow.com\/partido-novo-cobra-informacoes-sobre-bloqueio-do-twitter-x-e-starlink-ao-ministerio-das-comunicacoes\/\">Source link <\/a><\/p>","protected":false},"excerpt":{"rendered":"<p>Bancada requer a \u00edntegra dos relat\u00f3rios da Anatel sobre o acesso \u00e0 rede social durante o per\u00edodo de suspens\u00e3o da plataforma O Partido Novo apresentou um requerimento de informa\u00e7\u00f5es ao&hellip;<\/p>","protected":false},"author":1,"featured_media":39044,"comment_status":"closed","ping_status":"open","sticky":false,"template":"","format":"standard","meta":{"content-type":"","footnotes":""},"categories":[16],"tags":[4890,293,23000,4651,23001,871,4895,4188],"class_list":["post-42256","post","type-post","status-publish","format-standard","has-post-thumbnail","hentry","category-noticias","tag-bloqueio","tag-cobra","tag-comunicacoes","tag-informacoes","tag-partido-novo","tag-stf","tag-twitter","tag-x"],"_links":{"self":[{"href":"https:\/\/tvbrazilusa.com\/pt\/wp-json\/wp\/v2\/posts\/42256","targetHints":{"allow":["GET"]}}],"collection":[{"href":"https:\/\/tvbrazilusa.com\/pt\/wp-json\/wp\/v2\/posts"}],"about":[{"href":"https:\/\/tvbrazilusa.com\/pt\/wp-json\/wp\/v2\/types\/post"}],"author":[{"embeddable":true,"href":"https:\/\/tvbrazilusa.com\/pt\/wp-json\/wp\/v2\/users\/1"}],"replies":[{"embeddable":true,"href":"https:\/\/tvbrazilusa.com\/pt\/wp-json\/wp\/v2\/comments?post=42256"}],"version-history":[{"count":1,"href":"https:\/\/tvbrazilusa.com\/pt\/wp-json\/wp\/v2\/posts\/42256\/revisions"}],"predecessor-version":[{"id":42257,"href":"https:\/\/tvbrazilusa.com\/pt\/wp-json\/wp\/v2\/posts\/42256\/revisions\/42257"}],"wp:featuredmedia":[{"embeddable":true,"href":"https:\/\/tvbrazilusa.com\/pt\/wp-json\/wp\/v2\/media\/39044"}],"wp:attachment":[{"href":"https:\/\/tvbrazilusa.com\/pt\/wp-json\/wp\/v2\/media?parent=42256"}],"wp:term":[{"taxonomy":"category","embeddable":true,"href":"https:\/\/tvbrazilusa.com\/pt\/wp-json\/wp\/v2\/categories?post=42256"},{"taxonomy":"post_tag","embeddable":true,"href":"https:\/\/tvbrazilusa.com\/pt\/wp-json\/wp\/v2\/tags?post=42256"}],"curies":[{"name":"wp","href":"https:\/\/api.w.org\/{rel}","templated":true}]}}