{"id":42285,"date":"2024-09-27T10:26:39","date_gmt":"2024-09-27T10:26:39","guid":{"rendered":"https:\/\/tvbrazilusa.com\/2024\/09\/27\/criancas-estupram-e-agridem-colega-de-escola-portador-de-microcefalia\/"},"modified":"2024-09-27T10:26:41","modified_gmt":"2024-09-27T10:26:41","slug":"criancas-estupram-e-agridem-colega-de-escola-portador-de-microcefalia","status":"publish","type":"post","link":"https:\/\/tvbrazilusa.com\/pt\/2024\/09\/27\/criancas-estupram-e-agridem-colega-de-escola-portador-de-microcefalia\/","title":{"rendered":"Crian\u00e7as estupram e agridem colega de escola portador de microcefalia"},"content":{"rendered":"<p> <script async src=\"https:\/\/pagead2.googlesyndication.com\/pagead\/js\/adsbygoogle.js?client=ca-pub-8864793242727901\"\r\n     crossorigin=\"anonymous\"><\/script><br \/>\n<\/p>\n<div id=\"taboola-read-more\" style=\"display:block; width:100%\">\n<p>Um grave caso de abuso e viol\u00eancia infantil abalou a Escola Municipal Eloy Heraldo Lima, situada no Bairro Vale do Jatob\u00e1, em Belo Horizonte.\n<\/p>\n<p>Um garoto de 11 anos com microcefalia foi v\u00edtima de agress\u00e3o e estupro por dois colegas da mesma escola, de 11 e 12 anos, como noticiado pelo jornal \u2018Estado de Minas\u2019.<\/p>\n<p>Este incidente s\u00f3 se tornou conhecido pela fam\u00edlia da v\u00edtima tr\u00eas dias depois, quando o menino decidiu contar o ocorrido para a m\u00e3e.\n<\/p>\n<p>As agress\u00f5es aconteceram logo ap\u00f3s o recreio.\n<\/p>\n<p>A v\u00edtima relatou que os dois colegas o trancaram dentro do banheiro, onde o atacaram fisicamente antes de abus\u00e1-lo sexualmente.\n<\/p>\n<p>O menino desmaiou ap\u00f3s o ass\u00e9dio e s\u00f3 foi levado ao hospital dias depois, onde passou por exames m\u00e9dicos.\n<\/p>\n<p><strong>Viol\u00eancia escolar e abuso infantil pode afetar as crian\u00e7as<\/strong><br \/>O impacto de atos de viol\u00eancia escolar, como o relatado acima, pode deixar marcas profundas na vida das crian\u00e7as envolvidas.\n<\/p>\n<p>O pai da v\u00edtima relatou que seu filho est\u00e1 com o psicol\u00f3gico bastante abalado, recebendo atendimento profissional mas ainda mostrando sinais de trauma significativo.\n<\/p>\n<p>Agress\u00f5es f\u00edsicas podem resultar em traumas corporais e emocionais de longa dura\u00e7\u00e3o.\n<\/p>\n<p>Abusos sexuais na inf\u00e2ncia frequentemente resultam em problemas de confian\u00e7a e dificuldade em relacionamentos futuros.\n<\/p>\n<p>Ambientes hostis podem prejudicar o desempenho acad\u00eamico e o desenvolvimento social das crian\u00e7as.\n<\/p>\n<p><strong>Medidas que est\u00e3o sendo tomadas<\/strong><br \/>Ap\u00f3s a revela\u00e7\u00e3o do incidente, autoridades foram acionadas para investigar o caso.\n<\/p>\n<p>A Pol\u00edcia Civil de Minas Gerais informou que um procedimento foi instaurado para apurar a conduta dos jovens na Delegacia Especializada em Apura\u00e7\u00e3o de Ato Infracional de Belo Horizonte.\n<\/p>\n<p>A escola, inicialmente, afirmou n\u00e3o ter condi\u00e7\u00f5es de tomar provid\u00eancias diretas, repassando a responsabilidade ao Conselho Tutelar.\n<\/p>\n<p><strong>Respons\u00e1veis est\u00e3o recebendo suporte adequado<\/strong><br \/>A fam\u00edlia da v\u00edtima expressou frustra\u00e7\u00e3o em rela\u00e7\u00e3o ao suporte recebido da escola.\n<\/p>\n<p>Segundo relatos, houve dificuldade em se obter apoio efetivo da institui\u00e7\u00e3o, agravando ainda mais o sofrimento da fam\u00edlia e da crian\u00e7a vitimizada.\n<\/p>\n<p>Uma manifesta\u00e7\u00e3o foi marcada pelos pais dos alunos para demonstrar indigna\u00e7\u00e3o e exigir a\u00e7\u00f5es mais concretas.\n<\/p>\n<p><strong>Pr\u00f3ximos passos<\/strong><br \/>Enquanto a investiga\u00e7\u00e3o oficial segue seu curso, a comunidade escolar e as autoridades devem trabalhar juntas para criar um ambiente mais seguro para todos os alunos.\n<\/p>\n<p>A manifesta\u00e7\u00e3o programada para 27 de setembro representa uma oportunidade para as fam\u00edlias expressarem suas preocupa\u00e7\u00f5es e exigirem mudan\u00e7as.\n<\/p>\n<p>\u00c9 essencial que as escolas adotem pol\u00edticas mais eficazes de preven\u00e7\u00e3o e resposta \u00e0 viol\u00eancia para proteger as crian\u00e7as e garantir um ambiente educativo seguro e acolhedor.\n<\/p>\n<p><strong>Abuso infantil: Previna a viol\u00eancia escolar<\/strong><br \/>A preven\u00e7\u00e3o da viol\u00eancia escolar deve incluir estrat\u00e9gias abrangentes e colaborativas:\n<\/p>\n<p>\u2013 Implementar programas de conscientiza\u00e7\u00e3o sobre bullying e abusos entre alunos, professores e pais.\n<\/p>\n<p>\u2013 Treinar profissionais da educa\u00e7\u00e3o para identificar e intervir em casos de viol\u00eancia.\n<\/p>\n<p>\u2013 Fornecer apoio psicol\u00f3gico cont\u00ednuo para alunos afetados por incidentes de viol\u00eancia.\n<\/p>\n<p>\u2013 Criar canais de comunica\u00e7\u00e3o seguros e confidenciais para que os alunos possam denunciar abusos.\n<\/p>\n<p>Fonte: O antagonista <\/p>\n<\/div>\n<p><br \/>\n<br \/><a href=\"https:\/\/diariodobrasilnoticias.com.br\/noticia\/criancas-estupram-e-agridem-colega-de-escola-portador-de-microcefalia-66f686e9cba10\">Source link <\/a><\/p>","protected":false},"excerpt":{"rendered":"<p>Um grave caso de abuso e viol\u00eancia infantil abalou a Escola Municipal Eloy Heraldo Lima, situada no Bairro Vale do Jatob\u00e1, em Belo Horizonte. Um garoto de 11 anos com&hellip;<\/p>","protected":false},"author":1,"featured_media":42286,"comment_status":"closed","ping_status":"open","sticky":false,"template":"","format":"standard","meta":{"content-type":"","footnotes":""},"categories":[16],"tags":[123,2448,5313,1267],"class_list":["post-42285","post","type-post","status-publish","format-standard","has-post-thumbnail","hentry","category-noticias","tag-brasil","tag-diario","tag-noticia","tag-noticias"],"_links":{"self":[{"href":"https:\/\/tvbrazilusa.com\/pt\/wp-json\/wp\/v2\/posts\/42285","targetHints":{"allow":["GET"]}}],"collection":[{"href":"https:\/\/tvbrazilusa.com\/pt\/wp-json\/wp\/v2\/posts"}],"about":[{"href":"https:\/\/tvbrazilusa.com\/pt\/wp-json\/wp\/v2\/types\/post"}],"author":[{"embeddable":true,"href":"https:\/\/tvbrazilusa.com\/pt\/wp-json\/wp\/v2\/users\/1"}],"replies":[{"embeddable":true,"href":"https:\/\/tvbrazilusa.com\/pt\/wp-json\/wp\/v2\/comments?post=42285"}],"version-history":[{"count":1,"href":"https:\/\/tvbrazilusa.com\/pt\/wp-json\/wp\/v2\/posts\/42285\/revisions"}],"predecessor-version":[{"id":42287,"href":"https:\/\/tvbrazilusa.com\/pt\/wp-json\/wp\/v2\/posts\/42285\/revisions\/42287"}],"wp:featuredmedia":[{"embeddable":true,"href":"https:\/\/tvbrazilusa.com\/pt\/wp-json\/wp\/v2\/media\/42286"}],"wp:attachment":[{"href":"https:\/\/tvbrazilusa.com\/pt\/wp-json\/wp\/v2\/media?parent=42285"}],"wp:term":[{"taxonomy":"category","embeddable":true,"href":"https:\/\/tvbrazilusa.com\/pt\/wp-json\/wp\/v2\/categories?post=42285"},{"taxonomy":"post_tag","embeddable":true,"href":"https:\/\/tvbrazilusa.com\/pt\/wp-json\/wp\/v2\/tags?post=42285"}],"curies":[{"name":"wp","href":"https:\/\/api.w.org\/{rel}","templated":true}]}}