{"id":42306,"date":"2024-09-27T11:37:38","date_gmt":"2024-09-27T11:37:38","guid":{"rendered":"https:\/\/tvbrazilusa.com\/2024\/09\/27\/trf4-mantem-decisao-que-anulou-multa-de-r-28-milhoes-imposta-a-deltan\/"},"modified":"2024-09-27T11:37:39","modified_gmt":"2024-09-27T11:37:39","slug":"trf4-mantem-decisao-que-anulou-multa-de-r-28-milhoes-imposta-a-deltan","status":"publish","type":"post","link":"https:\/\/tvbrazilusa.com\/pt\/2024\/09\/27\/trf4-mantem-decisao-que-anulou-multa-de-r-28-milhoes-imposta-a-deltan\/","title":{"rendered":"TRF4 mant\u00e9m decis\u00e3o que anulou multa de R$ 2,8 milh\u00f5es imposta a Deltan"},"content":{"rendered":"<p> <script async src=\"https:\/\/pagead2.googlesyndication.com\/pagead\/js\/adsbygoogle.js?client=ca-pub-8864793242727901\"\r\n     crossorigin=\"anonymous\"><\/script><br \/>\n<\/p>\n<div id=\"taboola-read-more\" style=\"display:block; width:100%\">\n<p>O Tribunal Regional Federal da 4\u00aa Regi\u00e3o (TRF4) manteve decis\u00e3o que livrou o ex-procurador Deltan Dallagnol (Novo-PR) de devolver R$ 2,8 milh\u00f5es em di\u00e1rias e passagens da Lava Jato. Em agosto de 2022, o Tribunal de Contas da Uni\u00e3o (TCU) condenou Deltan a ressarcir os cofres p\u00fablicos.\n<\/p>\n<p>Na mesma a\u00e7\u00e3o, a Corte de contas havia condenado o ex-procurador-geral da Rep\u00fablica Rodrigo Janot e o ex-chefe do Minist\u00e9rio P\u00fablico Federal (MPF) no Paran\u00e1 Jo\u00e3o Vicente Beraldo Rom\u00e3o. Para a Segunda C\u00e2mara do TCU, o modelo adotado pela Lava Jato foi antiecon\u00f4mico e gerou preju\u00edzos ao er\u00e1rio.<\/p>\n<p>No desdobramento mais recente, a Advocacia-Geral da Uni\u00e3o (AGU) recorreu da decis\u00e3o do juiz Augusto C\u00e9sar Pansini Gon\u00e7alves, da 6\u00aa Vara Federal de Curitiba, que anulou o ac\u00f3rd\u00e3o do TCU em dezembro de 2022.\n<\/p>\n<p>Com isso, o caso foi remetido \u00e0 12.\u00aa Turma do TRF4, que manteve determina\u00e7\u00e3o da primeira inst\u00e2ncia que beneficiou o ex-procurador. A relatora do caso, ju\u00edza Ana Beatriz Palumbo, apontou \u201cfartos indicativos de irregularidades\u201d na a\u00e7\u00e3o de Tomada de Contas aberta pelo TCU para tratar do caso.\n<\/p>\n<p>Palumbo destacou a \u201cilegitimidade passiva do apelado\u201d, pois Deltan \u201cn\u00e3o ocupava qualquer cargo de gest\u00e3o ou administra\u00e7\u00e3o\u201d e \u201cn\u00e3o h\u00e1 nenhum indicativo de sua responsabilidade no ordenamento das despesas\u201d destinadas \u00e0 Lava Jato.\n<\/p>\n<p>A ju\u00edza tamb\u00e9m citou a \u201cinexist\u00eancia de ind\u00edcios m\u00ednimos de irregularidades\u201d, pois a Secretaria de Controle Externo da Administra\u00e7\u00e3o do Estado\/Secex Administra\u00e7\u00e3o, \u00f3rg\u00e3o de instru\u00e7\u00e3o t\u00e9cnica do pr\u00f3prio TCU, apontou \u201caus\u00eancia de ilegalidade ou irregularidade nos pagamentos questionados\u201d.\n<\/p>\n<p>\u201cObservo que n\u00e3o \u00e9 atribui\u00e7\u00e3o do \u00f3rg\u00e3o de controle se imiscuir no \u00e2mbito de discricionariedade administrativa, mas t\u00e3o somente averiguar a regularidade das op\u00e7\u00f5es de gest\u00e3o adotadas pelo \u00f3rg\u00e3o p\u00fablico, frente aos comandos legais e aos princ\u00edpios basilares da administra\u00e7\u00e3o p\u00fablica\u201d, frisou a ju\u00edza.\n<\/p>\n<p>A 12\u00aa Turma do TRF4 acompanhou o entendimento da relatora por unanimidade. A AGU ainda pode recorrer contra a decis\u00e3o no Superior Tribunal de Justi\u00e7a (STJ).\n<\/p>\n<p>Fonte: Gazeta do Povo <\/p>\n<\/div>\n<p><br \/>\n<br \/><a href=\"https:\/\/diariodobrasilnoticias.com.br\/noticia\/trf4-mantem-decisao-que-anulou-multa-de-r-2-8-milhoes-imposta-a-deltan-66f68bf0efcd8\">Source link <\/a><\/p>","protected":false},"excerpt":{"rendered":"<p>O Tribunal Regional Federal da 4\u00aa Regi\u00e3o (TRF4) manteve decis\u00e3o que livrou o ex-procurador Deltan Dallagnol (Novo-PR) de devolver R$ 2,8 milh\u00f5es em di\u00e1rias e passagens da Lava Jato. Em&hellip;<\/p>","protected":false},"author":1,"featured_media":42307,"comment_status":"closed","ping_status":"open","sticky":false,"template":"","format":"standard","meta":{"content-type":"","footnotes":""},"categories":[16],"tags":[123,2448,5313,1267],"class_list":["post-42306","post","type-post","status-publish","format-standard","has-post-thumbnail","hentry","category-noticias","tag-brasil","tag-diario","tag-noticia","tag-noticias"],"_links":{"self":[{"href":"https:\/\/tvbrazilusa.com\/pt\/wp-json\/wp\/v2\/posts\/42306","targetHints":{"allow":["GET"]}}],"collection":[{"href":"https:\/\/tvbrazilusa.com\/pt\/wp-json\/wp\/v2\/posts"}],"about":[{"href":"https:\/\/tvbrazilusa.com\/pt\/wp-json\/wp\/v2\/types\/post"}],"author":[{"embeddable":true,"href":"https:\/\/tvbrazilusa.com\/pt\/wp-json\/wp\/v2\/users\/1"}],"replies":[{"embeddable":true,"href":"https:\/\/tvbrazilusa.com\/pt\/wp-json\/wp\/v2\/comments?post=42306"}],"version-history":[{"count":1,"href":"https:\/\/tvbrazilusa.com\/pt\/wp-json\/wp\/v2\/posts\/42306\/revisions"}],"predecessor-version":[{"id":42308,"href":"https:\/\/tvbrazilusa.com\/pt\/wp-json\/wp\/v2\/posts\/42306\/revisions\/42308"}],"wp:featuredmedia":[{"embeddable":true,"href":"https:\/\/tvbrazilusa.com\/pt\/wp-json\/wp\/v2\/media\/42307"}],"wp:attachment":[{"href":"https:\/\/tvbrazilusa.com\/pt\/wp-json\/wp\/v2\/media?parent=42306"}],"wp:term":[{"taxonomy":"category","embeddable":true,"href":"https:\/\/tvbrazilusa.com\/pt\/wp-json\/wp\/v2\/categories?post=42306"},{"taxonomy":"post_tag","embeddable":true,"href":"https:\/\/tvbrazilusa.com\/pt\/wp-json\/wp\/v2\/tags?post=42306"}],"curies":[{"name":"wp","href":"https:\/\/api.w.org\/{rel}","templated":true}]}}