{"id":42359,"date":"2024-09-27T14:10:57","date_gmt":"2024-09-27T14:10:57","guid":{"rendered":"https:\/\/tvbrazilusa.com\/2024\/09\/27\/naomi-campbell-usou-fundos-de-caridade-para-estadias-em-hoteis-5-estrelas-e-tratamentos-de-spa-diz-investigacao\/"},"modified":"2024-09-27T14:28:42","modified_gmt":"2024-09-27T14:28:42","slug":"naomi-campbell-usou-fundos-de-caridade-para-estadias-em-hoteis-5-estrelas-e-tratamentos-de-spa-diz-investigacao","status":"publish","type":"post","link":"https:\/\/tvbrazilusa.com\/pt\/2024\/09\/27\/naomi-campbell-usou-fundos-de-caridade-para-estadias-em-hoteis-5-estrelas-e-tratamentos-de-spa-diz-investigacao\/","title":{"rendered":"Naomi Campbell usou fundos de caridade para estadias em hot\u00e9is 5 estrelas e tratamentos de spa, diz investiga\u00e7\u00e3o"},"content":{"rendered":"<script async src=\"https:\/\/pagead2.googlesyndication.com\/pagead\/js\/adsbygoogle.js?client=ca-pub-8864793242727901\"\r\n     crossorigin=\"anonymous\"><\/script>\n<div>\n<p class=\"article__paragraph article__paragraph--left\" id=\"R5IH5H7XKZCFNL5RBD6JNMIVOQ\">Supermodelo <a href=\"https:\/\/www.nj.com\/entertainment\/celebrities\/2009\/01\/naomi_campbell_settles_lawsuit.html\" target=\"_blank\" rel=\"noopener\">Noemi Campbell<\/a> foi proibido de servir como curador de caridade por cinco anos ap\u00f3s uma investiga\u00e7\u00e3o de um grupo de vigil\u00e2ncia do Reino Unido, de acordo com <a href=\"https:\/\/www.washingtonpost.com\/entertainment\/2024\/09\/26\/naomi-campbell-charity-ban\/\" target=\"_blank\" rel=\"noopener\">O Washington Post<\/a>.<\/p>\n<p class=\"article__paragraph article__paragraph--left\" id=\"IVMVFF2LABHQNKHIJJ443SMGN4\">Dois outros curadores, Bianka Hellmich e Veronica Chou, receberam por nove e quatro anos, respectivamente. Depois de uma investiga\u00e7\u00e3o de tr\u00eas anos, alguns membros da Comiss\u00e3o de Caridade da Gr\u00e3-Bretanha alegaram que a campanha de Campbell <a href=\"https:\/\/www.fashionforrelief.org\/about-fashion-for-relief\" target=\"_blank\" rel=\"noopener\">Moda para al\u00edvio<\/a> era \u201cmal governado\u201d com \u201cgest\u00e3o financeira inadequada\u201d.<\/p>\n<p class=\"article__paragraph article__paragraph--left\" id=\"7DU2XQYEHZGDZDLIOMI3CW4HOY\">Em suas investiga\u00e7\u00f5es <a href=\"https:\/\/www.gov.uk\/government\/publications\/charity-inquiry-fashion-for-relief\/charity-inquiry-fashion-for-relief\" target=\"_blank\" rel=\"noopener\">postado em <\/a>Quinta-feira, o grupo gastou menos de 9% dos seus ganhos em doa\u00e7\u00f5es e causas, e algumas das despesas da institui\u00e7\u00e3o de caridade \u201cn\u00e3o eram razo\u00e1veis\u201d.<\/p>\n<p class=\"article__paragraph article__paragraph--left\" id=\"7GZF4MJVZNHLFIUNQNS5DP4DFQ\">Algumas das descobertas impr\u00f3prias inclu\u00edram estadia em um hotel cinco estrelas e seguran\u00e7a de Campbell, 54, durante um evento no Festival de Cinema de Cannes em 2018, bem como \u201ctratamentos de spa, servi\u00e7o de quarto e compra de cigarros\u201d.<\/p>\n<p class=\"article__paragraph article__paragraph--left\" id=\"X53RPQSB2VCYXPCMILBVXAV4B4\">O relat\u00f3rio prossegue afirmando que o Fashion for Relief \u201cn\u00e3o conseguiu gerir\u201d parcerias com duas outras organiza\u00e7\u00f5es, o Save the Children Fund e o Mayor&#8217;s Fund for London, \u00e0s quais devia dinheiro.<\/p>\n<p class=\"article__paragraph article__paragraph--left\" id=\"TDOSNLCBAVDPLJYKNN6KOIC5XM\">Os investigadores disseram que \u201crecuperaram\u201d cerca de 344 mil libras e \u201cprotegeram\u201d quase 98 mil libras, que foram usadas para liquidar pagamentos pendentes a esses dois grupos.<\/p>\n<h2 class=\"article-heading\"><b>Cobertura relacionada<\/b>:<\/h2>\n<p class=\"article__paragraph article__paragraph--left\" id=\"3NQMNVH5LVBS3FAJ2SLGQBKH6I\"><i>Nosso jornalismo precisa do seu apoio. Por favor, inscreva-se hoje para <\/i><a href=\"https:\/\/www.nj.com\/\"><i>NJ.com<\/i><\/a><i>.<\/i><\/p>\n<p class=\"article__paragraph article__paragraph--left\" id=\"AZ2X77E5YZG4JFHB6TWSVTFOJE\"><i>Murjani Rawls pode ser contatado em <\/i><a href=\"https:\/\/www.nj.com\/entertainment\/2024\/09\/mailto:mrawls@njadvancemedia.com\" target=\"_self\" rel=\"noopener\"><i>mrawls@njadvancemedia.com<\/i><\/a><i>  e seguiu no Twitter em<\/i><a href=\"https:\/\/x.com\/MurjaniRawls\" target=\"_blank\" rel=\"noopener\"><i>@MurjaniRawls<\/i><\/a><i>.<\/i><\/p>\n<\/div>\n<p><br \/>\n<br \/><a href=\"https:\/\/www.nj.com\/entertainment\/2024\/09\/supermodel-accused-of-using-charity-funds-for-5-star-hotel-stay-spa-treatments.html\">Source link <\/a><\/p>","protected":false},"excerpt":{"rendered":"<p>Supermodelo Noemi Campbell foi proibido de servir como curador de caridade por cinco anos ap\u00f3s uma investiga\u00e7\u00e3o de um grupo de vigil\u00e2ncia do Reino Unido, de acordo com O Washington&hellip;<\/p>","protected":false},"author":1,"featured_media":42360,"comment_status":"closed","ping_status":"open","sticky":false,"template":"","format":"standard","meta":{"content-type":"","footnotes":""},"categories":[1],"tags":[],"class_list":["post-42359","post","type-post","status-publish","format-standard","has-post-thumbnail","hentry","category-uncategorized"],"_links":{"self":[{"href":"https:\/\/tvbrazilusa.com\/pt\/wp-json\/wp\/v2\/posts\/42359","targetHints":{"allow":["GET"]}}],"collection":[{"href":"https:\/\/tvbrazilusa.com\/pt\/wp-json\/wp\/v2\/posts"}],"about":[{"href":"https:\/\/tvbrazilusa.com\/pt\/wp-json\/wp\/v2\/types\/post"}],"author":[{"embeddable":true,"href":"https:\/\/tvbrazilusa.com\/pt\/wp-json\/wp\/v2\/users\/1"}],"replies":[{"embeddable":true,"href":"https:\/\/tvbrazilusa.com\/pt\/wp-json\/wp\/v2\/comments?post=42359"}],"version-history":[{"count":1,"href":"https:\/\/tvbrazilusa.com\/pt\/wp-json\/wp\/v2\/posts\/42359\/revisions"}],"predecessor-version":[{"id":42361,"href":"https:\/\/tvbrazilusa.com\/pt\/wp-json\/wp\/v2\/posts\/42359\/revisions\/42361"}],"wp:featuredmedia":[{"embeddable":true,"href":"https:\/\/tvbrazilusa.com\/pt\/wp-json\/wp\/v2\/media\/42360"}],"wp:attachment":[{"href":"https:\/\/tvbrazilusa.com\/pt\/wp-json\/wp\/v2\/media?parent=42359"}],"wp:term":[{"taxonomy":"category","embeddable":true,"href":"https:\/\/tvbrazilusa.com\/pt\/wp-json\/wp\/v2\/categories?post=42359"},{"taxonomy":"post_tag","embeddable":true,"href":"https:\/\/tvbrazilusa.com\/pt\/wp-json\/wp\/v2\/tags?post=42359"}],"curies":[{"name":"wp","href":"https:\/\/api.w.org\/{rel}","templated":true}]}}