{"id":42373,"date":"2024-09-27T15:16:26","date_gmt":"2024-09-27T15:16:26","guid":{"rendered":"https:\/\/tvbrazilusa.com\/2024\/09\/27\/kali-medico-do-presidente-diz-que-saude-de-lula-o-permite-enfrentar-o-que-quiser\/"},"modified":"2024-09-27T15:16:27","modified_gmt":"2024-09-27T15:16:27","slug":"kali-medico-do-presidente-diz-que-saude-de-lula-o-permite-enfrentar-o-que-quiser","status":"publish","type":"post","link":"https:\/\/tvbrazilusa.com\/pt\/2024\/09\/27\/kali-medico-do-presidente-diz-que-saude-de-lula-o-permite-enfrentar-o-que-quiser\/","title":{"rendered":"Kali, m\u00e9dico do presidente, diz que sa\u00fade de Lula o permite enfrentar o que quiser"},"content":{"rendered":"<p> <script async src=\"https:\/\/pagead2.googlesyndication.com\/pagead\/js\/adsbygoogle.js?client=ca-pub-8864793242727901\"\r\n     crossorigin=\"anonymous\"><\/script><br \/>\n<\/p>\n<div id=\"taboola-read-more\" style=\"display:block; width:100%\">\n<p>O m\u00e9dico cardiologista Roberto Kalil Filho, que trata pessoalmente da sa\u00fade do presidente Luiz In\u00e1cio Lula da Silva (PT), diz que o petista \u00e9 um \u201cjovem\u201d de 78 anos. Afirma que o petista pratica exerc\u00edcios e realiza consultas preventivas. Avalia que essa combina\u00e7\u00e3o \u00e9 \u201celixir\u201d e da longevidade.\n<\/p>\n<p>\u201cEle [Lula] \u00e9 um jovem com a idade que ele tem. Hoje, a idade \u00e9 menos importante que o f\u00edsico e a sa\u00fade. H\u00e1 uma tese sobre a defini\u00e7\u00e3o de velhice: o velho \u00e9 um desistente da vida. A idade acumula. Mas voc\u00ea pode ser idoso, n\u00e3o velho. Em rela\u00e7\u00e3o ao presidente, ele tem muita sa\u00fade. Pode enfrentar o que ele quiser na hora que quiser\u201d, disse em entrevista ao Poder360.<\/p>\n<p>Caso opte por se candidatar \u00e0 reelei\u00e7\u00e3o, o presidente ter\u00e1 80 anos durante a disputa de 2026, \u00faltimo ano de seu 3\u00ba mandato. Se vencer, assumiria o Planalto pela 4\u00aa vez com 81 anos.\n<\/p>\n<p>Roberto Kalil tem 65 anos. \u00c9 presidente do Conselho Diretor do InCor (Instituto do Cora\u00e7\u00e3o), diretor-geral de cardiologia do hospital S\u00edrio-Liban\u00eas e professor titular de cardiologia da USP (Universidade de S\u00e3o Paulo).\n<\/p>\n<p>Em sua carreira como m\u00e9dico, Kalil tratou diversos presidentes da Rep\u00fablica, ministros, empres\u00e1rios e artistas. Diz que, como m\u00e9dico, n\u00e3o pode diferenciar um paciente pelo seu cargo. A consequ\u00eancia, diz, \u00e9 incorrer em erros por concess\u00f5es durante o tratamento.\n<\/p>\n<p>\u201cSe est\u00e1 tratando um executivo importante, um ministro ou um presidente, a fantasia fica fora do consult\u00f3rio. A diferencia\u00e7\u00e3o pode incorrer em erros. Exemplo: supondo que seja necess\u00e1rio fazer exames para um diagn\u00f3stico, mas o executivo ou o presidente n\u00e3o tem agenda. Tem que dar um jeito. N\u00e3o pode minimizar. Eu trato da mesma maneira\u201d, disse.\n<\/p>\n<p>Na conversa com o Poder360 no est\u00fadio do jornal digital em Bras\u00edlia, Kalil tamb\u00e9m falou sobre os riscos das fuma\u00e7as que invadiram cidades brasileiras nas \u00faltimas semanas, a import\u00e2ncia da preven\u00e7\u00e3o para reduzir o risco de doen\u00e7as card\u00edacas e da import\u00e2ncia de aumentar o financiamento do SUS (Sistema \u00danico de Sa\u00fade) para que haja hospitais p\u00fablicos do padr\u00e3o do InCor espalhados pelo pa\u00eds.\n<\/p>\n<p><strong>Leia trechos da entrevista:<\/strong>\n<\/p>\n<p>Poder360 \u2013 <strong>De quantos presidentes o senhor cuidou ao longo da carreira?<\/strong><br \/><em>Roberto Kalil Filho \u2013 Alguns.<\/em>\n<\/p>\n<p><strong>O senhor continua cuidando da sa\u00fade do presidente Lula?<\/strong><br \/><em>Sim. H\u00e1 muitos anos.<\/em>\n<\/p>\n<p><strong>E como est\u00e1 a sa\u00fade dele?<\/strong><br \/><em>Sempre que o presidente faz uma avalia\u00e7\u00e3o de sa\u00fade, ele faz quest\u00e3o de tornar p\u00fablico seu estado, sempre transparente. J\u00e1 teve alguns problemas, mas atualmente a sa\u00fade dele \u00e9 muito boa e ele faz muito exerc\u00edcio. O exerc\u00edcio \u00e9 o elixir da vida. E o presidente nunca deixou de lado. \u00c9 uma pessoa normal e extremamente saud\u00e1vel.<\/em>\n<\/p>\n<p><em>H\u00e1 alguma diferen\u00e7a entre tratar um presidente, por quem tantas vidas s\u00e3o influenciadas, e uma pessoa comum?<\/em><br \/><em>N\u00e3o h\u00e1 nem pode haver. Tem que tratar todo paciente como paciente. Se est\u00e1 tratando um executivo importante, um ministro ou um presidente, a fantasia fica fora do consult\u00f3rio. A diferencia\u00e7\u00e3o pode incorrer em erros. Exemplo: supondo que seja necess\u00e1rio fazer exames para um diagn\u00f3stico. Mas o executivo ou o presidente n\u00e3o tem agenda. Tem que dar um jeito. N\u00e3o pode minimizar. Eu trato da mesma maneira.<\/em>\n<\/p>\n<p><strong>O presidente Lula, no passado, teve alguns desafios na sa\u00fade. Venceu um c\u00e2ncer e, hoje, tem uma idade avan\u00e7ada. Consegue enfrentar mais uma campanha eleitoral?<\/strong><br \/><em>Ele \u00e9 um jovem com a idade que tem. Hoje, a idade \u00e9 menos importante que o f\u00edsico e a sa\u00fade. Tem \u201cvelhos\u201d com 40 anos. S\u00e3o pessoas doentes, que n\u00e3o fazem exerc\u00edcio, t\u00eam v\u00edcios. E h\u00e1 alguns com 70, 80 anos que fazem exerc\u00edcio e se cuidam. H\u00e1 uma tese sobre a defini\u00e7\u00e3o de velhice: o velho \u00e9 um desistente da vida. A idade acumula. Voc\u00ea pode ser idoso, n\u00e3o velho. Em rela\u00e7\u00e3o ao presidente Lula, ele tem muita sa\u00fade. Pode enfrentar o que ele quiser na hora que quiser.<\/em>\n<\/p>\n<p><strong>Como m\u00e9dico, qual a rotina que o senhor recomenda para as pessoas pensando na longevidade?<\/strong><br \/><em>Qualquer um de n\u00f3s tem que caminhar 30 minutos por dia para prevenir a doen\u00e7a cardiovascular, que \u00e9 o infarto e o AVC (Acidente Vascular Cerebral). Caminhar n\u00e3o \u00e9 correr. \u00c9 o ideal para todo ser humano. Voc\u00ea reduz o impacto de muitas doen\u00e7as. O exerc\u00edcio reduz a incid\u00eancia de trag\u00e9dias.<\/em>\n<\/p>\n<p><strong>Como a fuma\u00e7a das queimadas que recentemente tomou uma s\u00e9rie de cidades do pa\u00eds prejudica a sa\u00fade das pessoas?<\/strong><br \/><em>De diversas formas. Primeiro tem o efeito nocivo ao aparelho respirat\u00f3rio, garganta, pulm\u00f5es. Quem tem problema pulmonar sofre mais. E atrapalha as pessoas que fazem exerc\u00edcio. Voc\u00ea n\u00e3o vai fazer exerc\u00edcio ou caminhada em um ambiente cheio de fuma\u00e7a e polui\u00e7\u00e3o.<\/em>\n<\/p>\n<p><strong>Dentre os v\u00edcios mais comuns, qual o que mais preocupa os cardiologistas?<\/strong><br \/><em>A doen\u00e7a cardiovascular, infarto e AVC, \u00e9 o que mais mata no mundo, em todos os pa\u00edses. Morre, no Brasil, em m\u00e9dia, uma pessoa a cada 90 segundos por infarto ou AVC. S\u00e3o centenas de milhares no ano. A grande arma \u00e9 a preven\u00e7\u00e3o. Os fatores de risco s\u00e3o os mesmos: press\u00e3o arterial, colesterol alto, tabagismo, diabetes, sedentarismo. Sabemos os fatores de risco. Mas nem todos se cuidam. Dos pacientes com hipertens\u00e3o diagnosticada, s\u00f3 30% a 40% seguem o tratamento. A preven\u00e7\u00e3o \u00e9 a grande arma contra esse \u00edndice de mortalidade. De outro lado, a medicina evoluiu. O paciente que infarta hoje e chega ao hospital, tem alta tecnologia, rem\u00e9dios para abrir as art\u00e9rias. O infarto \u00e9 quando uma art\u00e9ria \u2013que \u00e9 um cano\u2013 que leva sangue ao cora\u00e7\u00e3o entope com co\u00e1gulo. Quanto antes abrir a art\u00e9ria, maior a chance de sobrevida e qualidade de vida. Um problema s\u00e9rio \u00e9 que uma parcela morre antes de chegar ao hospital. Por isso a preven\u00e7\u00e3o \u00e9 importante. E estar atento aos sintomas. Nunca ache que n\u00e3o \u00e9 nada. \u00c0s vezes come\u00e7a com um cansa\u00e7o ou um sintoma que a pessoa ignora.<\/em>\n<\/p>\n<p><strong>At\u00e9 quanto tempo antes \u00e9 poss\u00edvel perceber um infarto?<\/strong><br \/><em>\u00c9 muito relativo. Se voc\u00ea tem uma obstru\u00e7\u00e3o gradativa em uma art\u00e9ria, mas ela n\u00e3o fechou ainda, dias, at\u00e9 semanas. Come\u00e7a uma dor que pega a garganta, mas a pessoa acha que \u00e9 ang\u00fastia. Minimiza. Errado. Sentiu algo diferente, procure um m\u00e9dico. Pode n\u00e3o ser nada, mas pode ser uma condi\u00e7\u00e3o pr\u00e9-infarto.<\/em>\n<\/p>\n<p><strong>Quanto das mortes por doen\u00e7as cardiovasculares \u00e9 poss\u00edvel evitar com preven\u00e7\u00e3o?<\/strong><br \/><em>De 30% a 40%. \u00c9 bastante expressivo. Se cuida dos fatores de risco, evita.<\/em>\n<\/p>\n<p><strong>O InCor foi escolhido o melhor hospital de cardiologia do pa\u00eds, da Am\u00e9rica Latina e um dos melhores do mundo. Quando a sa\u00fade p\u00fablica brasileira ser\u00e1 toda t\u00e3o eficiente como exemplos como esse?<\/strong><em><br \/>Me honra trabalhar l\u00e1 h\u00e1 mais de 30 anos. Sou um defensor do SUS, \u00e9 brilhante. Mas o sistema nasceu subfinanciado. Tem que ter estrutura melhor, moderniza\u00e7\u00e3o. Mas o subfinanciamento \u00e9 s\u00e9rio. Sem dinheiro, n\u00e3o consegue fazer o que tem que fazer. No caso da cardiologia, o que \u00e9 o ideal? Tem grandes hospitais p\u00fablicos de cardiologia, o Dante Pazzanese e outros com alta tecnologia. O ideal seria ter um InCor em cada regi\u00e3o do pa\u00eds. \u00c9 \u00f3bvio que o atendimento da popula\u00e7\u00e3o em massa seria mais efetivo.<\/em>\n<\/p>\n<p><strong>Tem quem diga que al\u00e9m dos recursos, falta uma melhora na gest\u00e3o. O senhor concorda?<\/strong><br \/><em>Sempre a gest\u00e3o tem que melhorar. O Brasil n\u00e3o tem uma pol\u00edtica de sa\u00fade. Mudam governos, alguns projetos param, outros s\u00e3o descontinuados. N\u00e3o \u00e9 s\u00f3 o federal. S\u00e3o os estaduais e municipais. N\u00e3o h\u00e1 continuidade. E 4 anos \u00e9 pouco tempo. No InCor estamos h\u00e1 quase 40 anos com a mesma pol\u00edtica. Eu dei continuidade aos meus antecessores em todos os n\u00edveis. Pode estender para todo o SUS. Assist\u00eancia, pesquisa e ensino. Mas falta dinheiro<\/em>.\n<\/p>\n<p><strong>As emendas bagun\u00e7am o financiamento da sa\u00fade?<\/strong><br \/><em>Emendas sempre s\u00e3o bem-vindas na sa\u00fade. Tem que ser bem aproveitada, bem canalizada. Qualquer dinheiro que vier, \u00e9 bem-vindo.<\/em>\n<\/p>\n<p><strong>A telemedicina \u00e9 parte do futuro da sa\u00fade p\u00fablica?<\/strong><br \/><em>Ela ajuda, tem seu papel. Nunca vai ocupar o lugar do m\u00e9dico. Novos m\u00e9todos sempre geram rea\u00e7\u00f5es de alguns m\u00e9dicos. Ser\u00e1 que vai me substituir? N\u00e3o. A rela\u00e7\u00e3o do m\u00e9dico com paciente \u00e9 importante e n\u00e3o vai deixar de existir. A telemedicina tem papel no ensino, na pesquisa e na assist\u00eancia. E tem que ser bem usada. N\u00e3o substitui o pessoal. Na covid, auxiliamos UTIs em v\u00e1rias regi\u00f5es sobre como cuidar dos pacientes com telemedicina. Ocupou espa\u00e7o<\/em>.\n<\/p>\n<p><strong>A rob\u00f3tica e a intelig\u00eancia artificial entraram tamb\u00e9m no dia a dia da medicina. O S\u00edrio ter\u00e1 um rob\u00f4 para o primeiro atendimento, certo?<\/strong><br \/><em>Rob\u00f3tica est\u00e1 h\u00e1 muito tempo na medicina. Exemplo s\u00e3o as cirurgias por rob\u00f4. No cateterismo, h\u00e1 ajuda da IA (Intelig\u00eancia Artificial) para colocar stent. A IA veio para ajudar. Teremos um rob\u00f4 concierge. Ele recebe o paciente, talvez interne. Mas \u00e9 um projeto bem no in\u00edcio, faremos teste nas pr\u00f3ximas semanas. N\u00e3o \u00e9 f\u00e1cil. Hoje temos rob\u00f4s levando rem\u00e9dio no S\u00edrio. E ele ainda fala: \u201cSou um rob\u00f4, estou aqui para ajudar o ser humano\u201d. E a IA vai alavancar o diagn\u00f3stico.<\/em>\n<\/p>\n<p><strong>No S\u00edrio e no InCor j\u00e1 se utilizam algoritmos para tratar pacientes?<\/strong><br \/><em>No cateterismo temos um programa que a IA ajuda o c\u00e1lculo de coloca\u00e7\u00e3o de stent.<\/em>\n<\/p>\n<p><strong>Seu nome \u00e9 influente dentro e fora da pol\u00edtica. Em algum momento pensou em entrar para a pol\u00edtica?<\/strong><br \/><em>N\u00e3o. Recebi alguns convites durante a vida, mas n\u00e3o. Minha vida s\u00e3o meus pacientes. Eu dificilmente largaria. Tanto no p\u00fablico quanto no privado. N\u00e3o podemos dizer nunca, mas n\u00e3o tenho pretens\u00e3o de largar esse meu dia a dia que eu adoro.<\/em>\n<\/p>\n<p><strong>Se o senhor puder fazer uma sugest\u00e3o de pol\u00edtica p\u00fablica de sa\u00fade aos governantes, o que seria?<\/strong><br \/><em>O conselho \u00e9 que as autoridades vejam com carinho mais verba para a sa\u00fade. Se tem mais dinheiro, claro que a gest\u00e3o tem que modernizar. Tem que haver uma transforma\u00e7\u00e3o. O SUS atende mais de 100 milh\u00f5es de pacientes. E agora mudou o perfil, de jovem para mais idoso no SUS. E tem que ter preven\u00e7\u00e3o. E reduzir o tempo para conseguir especialista.<\/em>\n<\/p>\n<p>Fonte: Poder360 <\/p>\n<\/div>\n<p><br \/>\n<br \/><a href=\"https:\/\/diariodobrasilnoticias.com.br\/noticia\/kali-medico-do-presidente-diz-que-saude-de-lula-o-permite-enfrentar-o-que-quiser-66f6ad44a4b2b\">Source link <\/a><\/p>","protected":false},"excerpt":{"rendered":"<p>O m\u00e9dico cardiologista Roberto Kalil Filho, que trata pessoalmente da sa\u00fade do presidente Luiz In\u00e1cio Lula da Silva (PT), diz que o petista \u00e9 um \u201cjovem\u201d de 78 anos. Afirma&hellip;<\/p>","protected":false},"author":1,"featured_media":42374,"comment_status":"closed","ping_status":"open","sticky":false,"template":"","format":"standard","meta":{"content-type":"","footnotes":""},"categories":[16],"tags":[123,2448,5313,1267],"class_list":["post-42373","post","type-post","status-publish","format-standard","has-post-thumbnail","hentry","category-noticias","tag-brasil","tag-diario","tag-noticia","tag-noticias"],"_links":{"self":[{"href":"https:\/\/tvbrazilusa.com\/pt\/wp-json\/wp\/v2\/posts\/42373","targetHints":{"allow":["GET"]}}],"collection":[{"href":"https:\/\/tvbrazilusa.com\/pt\/wp-json\/wp\/v2\/posts"}],"about":[{"href":"https:\/\/tvbrazilusa.com\/pt\/wp-json\/wp\/v2\/types\/post"}],"author":[{"embeddable":true,"href":"https:\/\/tvbrazilusa.com\/pt\/wp-json\/wp\/v2\/users\/1"}],"replies":[{"embeddable":true,"href":"https:\/\/tvbrazilusa.com\/pt\/wp-json\/wp\/v2\/comments?post=42373"}],"version-history":[{"count":1,"href":"https:\/\/tvbrazilusa.com\/pt\/wp-json\/wp\/v2\/posts\/42373\/revisions"}],"predecessor-version":[{"id":42375,"href":"https:\/\/tvbrazilusa.com\/pt\/wp-json\/wp\/v2\/posts\/42373\/revisions\/42375"}],"wp:featuredmedia":[{"embeddable":true,"href":"https:\/\/tvbrazilusa.com\/pt\/wp-json\/wp\/v2\/media\/42374"}],"wp:attachment":[{"href":"https:\/\/tvbrazilusa.com\/pt\/wp-json\/wp\/v2\/media?parent=42373"}],"wp:term":[{"taxonomy":"category","embeddable":true,"href":"https:\/\/tvbrazilusa.com\/pt\/wp-json\/wp\/v2\/categories?post=42373"},{"taxonomy":"post_tag","embeddable":true,"href":"https:\/\/tvbrazilusa.com\/pt\/wp-json\/wp\/v2\/tags?post=42373"}],"curies":[{"name":"wp","href":"https:\/\/api.w.org\/{rel}","templated":true}]}}