{"id":42385,"date":"2024-09-27T15:59:24","date_gmt":"2024-09-27T15:59:24","guid":{"rendered":"https:\/\/tvbrazilusa.com\/2024\/09\/27\/barroso-diz-que-decisoes-de-moraes-sao-sentimento-coletivo-do-stf\/"},"modified":"2024-09-27T15:59:25","modified_gmt":"2024-09-27T15:59:25","slug":"barroso-diz-que-decisoes-de-moraes-sao-sentimento-coletivo-do-stf","status":"publish","type":"post","link":"https:\/\/tvbrazilusa.com\/pt\/2024\/09\/27\/barroso-diz-que-decisoes-de-moraes-sao-sentimento-coletivo-do-stf\/","title":{"rendered":"Barroso diz que decis\u00f5es de Moraes s\u00e3o &#8216;sentimento coletivo&#8217; do STF"},"content":{"rendered":"<p> <script async src=\"https:\/\/pagead2.googlesyndication.com\/pagead\/js\/adsbygoogle.js?client=ca-pub-8864793242727901\"\r\n     crossorigin=\"anonymous\"><\/script><br \/>\n<\/p>\n<div id=\"taboola-read-more\" style=\"display:block; width:100%\">\n<p>O presidente do Supremo Tribunal Federal (STF), Lu\u00eds Roberto Barroso, afirmou que as decis\u00f5es de Alexandre de Moraes refletem um sentimento coletivo da Corte em defesa da democracia. De acordo com o ministro, tais ordens n\u00e3o s\u00e3o vistas como personalistas nem monocr\u00e1ticas.\n<\/p>\n<p>Ele declarou tamb\u00e9m que Moraes possui todo apoio institucional do Supremo. \u201cH\u00e1 uma institucionalidade por tr\u00e1s do que est\u00e1 sendo feito\u201d, garantiu o l\u00edder do STF, em entrevista \u00e0 CNN. \u201cN\u00e3o \u00e9 um voluntarismo pessoal.\u201d<\/p>\n<p><strong>Barroso comenta suspens\u00e3o do Twitter\/X por Moraes<\/strong><br \/>Sobre a suspens\u00e3o do Twitter\/X no Brasil, Barroso disse que \u201cn\u00e3o h\u00e1 motivos para politizar o caso\u201d. A rede social foi suspensa no final de agosto, por decis\u00e3o de Moraes, e confirmada pela 1\u00aa Turma do Supremo, devido ao n\u00e3o cumprimento de ordens judiciais.\n<\/p>\n<p>Contudo, nesta quinta-feira, 26, a plataforma cumpriu a ordem de Moraes para comprovar a regularidade de seu representante legal no Brasil e protocolar os documentos pendentes. Agora, a empresa solicita o fim da sua suspens\u00e3o no pa\u00eds.\n<\/p>\n<p><strong>Pedidos de impeachment contra Moraes<\/strong>\n<\/p>\n<p>Na entrevista, o presidente do STF tamb\u00e9m mencionou os processos de impeachment contra ministros da Corte no Congresso Nacional. Atualmente, h\u00e1 mais de 20 pedidos desse tipo contra Moraes.\n<\/p>\n<p>Para Barroso, \u201c\u00e9 como um jogo de futebol: um time chuta a bola para um lado, o outro time, para outro, mas procurar impeachment \u00e9 como expulsar um jogador do time rival. \u00c9 um elemento n\u00e3o desej\u00e1vel\u201d.\n<\/p>\n<p>O presidente do Supremo tamb\u00e9m afirmou que o inqu\u00e9rito das fake news est\u00e1 pr\u00f3ximo do fim. Al\u00e9m disso, comentou que os eventos de 8 de janeiro n\u00e3o foram um acaso, mas, sim, um reflexo do \u201cextremismo, da intoler\u00e2ncia e da baixa civilidade\u201d.\n<\/p>\n<p>Fonte: Revista Oeste <\/p>\n<\/div>\n<p><br \/>\n<br \/><a href=\"https:\/\/diariodobrasilnoticias.com.br\/noticia\/barroso-diz-que-decisoes-de-moraes-sao-sentimento-coletivo-do-stf-66f6b4f4e49f6\">Source link <\/a><\/p>","protected":false},"excerpt":{"rendered":"<p>O presidente do Supremo Tribunal Federal (STF), Lu\u00eds Roberto Barroso, afirmou que as decis\u00f5es de Alexandre de Moraes refletem um sentimento coletivo da Corte em defesa da democracia. De acordo&hellip;<\/p>","protected":false},"author":1,"featured_media":42386,"comment_status":"closed","ping_status":"open","sticky":false,"template":"","format":"standard","meta":{"content-type":"","footnotes":""},"categories":[16],"tags":[123,2448,5313,1267],"class_list":["post-42385","post","type-post","status-publish","format-standard","has-post-thumbnail","hentry","category-noticias","tag-brasil","tag-diario","tag-noticia","tag-noticias"],"_links":{"self":[{"href":"https:\/\/tvbrazilusa.com\/pt\/wp-json\/wp\/v2\/posts\/42385","targetHints":{"allow":["GET"]}}],"collection":[{"href":"https:\/\/tvbrazilusa.com\/pt\/wp-json\/wp\/v2\/posts"}],"about":[{"href":"https:\/\/tvbrazilusa.com\/pt\/wp-json\/wp\/v2\/types\/post"}],"author":[{"embeddable":true,"href":"https:\/\/tvbrazilusa.com\/pt\/wp-json\/wp\/v2\/users\/1"}],"replies":[{"embeddable":true,"href":"https:\/\/tvbrazilusa.com\/pt\/wp-json\/wp\/v2\/comments?post=42385"}],"version-history":[{"count":1,"href":"https:\/\/tvbrazilusa.com\/pt\/wp-json\/wp\/v2\/posts\/42385\/revisions"}],"predecessor-version":[{"id":42387,"href":"https:\/\/tvbrazilusa.com\/pt\/wp-json\/wp\/v2\/posts\/42385\/revisions\/42387"}],"wp:featuredmedia":[{"embeddable":true,"href":"https:\/\/tvbrazilusa.com\/pt\/wp-json\/wp\/v2\/media\/42386"}],"wp:attachment":[{"href":"https:\/\/tvbrazilusa.com\/pt\/wp-json\/wp\/v2\/media?parent=42385"}],"wp:term":[{"taxonomy":"category","embeddable":true,"href":"https:\/\/tvbrazilusa.com\/pt\/wp-json\/wp\/v2\/categories?post=42385"},{"taxonomy":"post_tag","embeddable":true,"href":"https:\/\/tvbrazilusa.com\/pt\/wp-json\/wp\/v2\/tags?post=42385"}],"curies":[{"name":"wp","href":"https:\/\/api.w.org\/{rel}","templated":true}]}}