{"id":42474,"date":"2024-09-27T18:57:37","date_gmt":"2024-09-27T18:57:37","guid":{"rendered":"https:\/\/tvbrazilusa.com\/2024\/09\/27\/israel-lanca-grande-ataque-contra-quartel-general-do-hezbollah-paulo-figueiredo\/"},"modified":"2024-09-27T19:11:50","modified_gmt":"2024-09-27T19:11:50","slug":"israel-lanca-grande-ataque-contra-quartel-general-do-hezbollah-paulo-figueiredo","status":"publish","type":"post","link":"https:\/\/tvbrazilusa.com\/pt\/2024\/09\/27\/israel-lanca-grande-ataque-contra-quartel-general-do-hezbollah-paulo-figueiredo\/","title":{"rendered":"Israel lan\u00e7a grande ataque contra quartel-general do Hezbollah &#8211; Paulo Figueiredo"},"content":{"rendered":"<p> <script async src=\"https:\/\/pagead2.googlesyndication.com\/pagead\/js\/adsbygoogle.js?client=ca-pub-8864793242727901\"\r\n     crossorigin=\"anonymous\"><\/script><br \/>\n<\/p>\n<div id=\"wtr-content\" data-bg=\"#FFFFFF\" data-fg=\"#006d91\" data-width=\"25\" data-mute=\"1\" data-fgopacity=\"1.00\" data-mutedopacity=\"0.5\" data-placement=\"bottom\" data-placement-offset=\"0\" data-content-offset=\"262\" data-placement-touch=\"bottom\" data-placement-offset-touch=\"0\" data-transparent=\"\" data-shadow=\"0\" data-touch=\"1\" data-non-touch=\"1\" data-comments=\"0\" data-commentsbg=\"transparent\" data-location=\"page\" data-mutedfg=\"#006d91\" data-endfg=\"#006d91\" data-rtl=\"\">\n<p class=\"has-small-font-size\">Foto \u2013 EFE\/EPA\/WAEL HAMZEH<\/p>\n<h3 class=\"wp-block-heading\">O Ex\u00e9rcito de Israel anunciou que realizou um grande ataque de precis\u00e3o contra o quartel-general do grupo terrorista Hezbollah, em Beirute<\/h3>\n<p>O Ex\u00e9rcito de Israel anunciou nesta sexta-feira (27) que realizou um grande ataque de precis\u00e3o contra o quartel-general do grupo terrorista Hezbollah, localizado sob um pr\u00e9dio residencial em Beirute.<\/p>\n<p>Segundo confirmaram fontes das for\u00e7as de seguran\u00e7a \u00e0 imprensa israelense, sob a condi\u00e7\u00e3o de anonimato, o chefe do grupo xiita liban\u00eas, Hassan Nasrala, era o alvo da opera\u00e7\u00e3o.<\/p>\n<p>Israel agora est\u00e1 verificando, segundo as mesmas fontes, se Nasrallah estava ou n\u00e3o na sede do grupo no momento do ataque, cuja explos\u00e3o pulverizou pr\u00e9dios e levantou uma enorme nuvem de poeira na capital libanesa.<\/p>\n<p>\u201cDepois de quase um ano em que o Hezbollah disparou foguetes, m\u00edsseis e drones suicidas contra civis israelenses, depois de quase um ano em que Israel alertou o mundo e disse para deter o Hezbollah, Israel est\u00e1 fazendo o que todos os Estados soberanos do mundo fariam. (Israel est\u00e1) tomando as medidas necess\u00e1rias para proteger o nosso povo, para que as fam\u00edlias israelenses possam viver em suas casas com seguran\u00e7a\u201d, disse o porta-voz militar Daniel Hagari em entrevista coletiva minutos depois do ataque, considerado o mais pesado em quase um ano de conflito.<\/p>\n<p><strong><a href=\"https:\/\/www.gazetadopovo.com.br\/mundo\/israel-lanca-grande-ataque-contra-quartel-general-do-hezbollah-em-beirute\/\">Source link<\/a><\/strong><\/p>\n<\/div>\n<p><br \/>\n<br \/><a href=\"https:\/\/paulofigueiredoshow.com\/israel-lanca-grande-ataque-contra-quartel-general-do-hezbollah\/\">Source link <\/a><\/p>","protected":false},"excerpt":{"rendered":"<p>Foto \u2013 EFE\/EPA\/WAEL HAMZEH O Ex\u00e9rcito de Israel anunciou que realizou um grande ataque de precis\u00e3o contra o quartel-general do grupo terrorista Hezbollah, em Beirute O Ex\u00e9rcito de Israel anunciou&hellip;<\/p>","protected":false},"author":1,"featured_media":40215,"comment_status":"closed","ping_status":"open","sticky":false,"template":"","format":"standard","meta":{"content-type":"","footnotes":""},"categories":[16],"tags":[],"class_list":["post-42474","post","type-post","status-publish","format-standard","has-post-thumbnail","hentry","category-noticias"],"_links":{"self":[{"href":"https:\/\/tvbrazilusa.com\/pt\/wp-json\/wp\/v2\/posts\/42474","targetHints":{"allow":["GET"]}}],"collection":[{"href":"https:\/\/tvbrazilusa.com\/pt\/wp-json\/wp\/v2\/posts"}],"about":[{"href":"https:\/\/tvbrazilusa.com\/pt\/wp-json\/wp\/v2\/types\/post"}],"author":[{"embeddable":true,"href":"https:\/\/tvbrazilusa.com\/pt\/wp-json\/wp\/v2\/users\/1"}],"replies":[{"embeddable":true,"href":"https:\/\/tvbrazilusa.com\/pt\/wp-json\/wp\/v2\/comments?post=42474"}],"version-history":[{"count":1,"href":"https:\/\/tvbrazilusa.com\/pt\/wp-json\/wp\/v2\/posts\/42474\/revisions"}],"predecessor-version":[{"id":42475,"href":"https:\/\/tvbrazilusa.com\/pt\/wp-json\/wp\/v2\/posts\/42474\/revisions\/42475"}],"wp:featuredmedia":[{"embeddable":true,"href":"https:\/\/tvbrazilusa.com\/pt\/wp-json\/wp\/v2\/media\/40215"}],"wp:attachment":[{"href":"https:\/\/tvbrazilusa.com\/pt\/wp-json\/wp\/v2\/media?parent=42474"}],"wp:term":[{"taxonomy":"category","embeddable":true,"href":"https:\/\/tvbrazilusa.com\/pt\/wp-json\/wp\/v2\/categories?post=42474"},{"taxonomy":"post_tag","embeddable":true,"href":"https:\/\/tvbrazilusa.com\/pt\/wp-json\/wp\/v2\/tags?post=42474"}],"curies":[{"name":"wp","href":"https:\/\/api.w.org\/{rel}","templated":true}]}}