{"id":42481,"date":"2024-09-27T19:40:32","date_gmt":"2024-09-27T19:40:32","guid":{"rendered":"https:\/\/tvbrazilusa.com\/2024\/09\/27\/paulo-gonet-tambem-enfrentara-denuncias-nos-eua\/"},"modified":"2024-09-27T19:40:34","modified_gmt":"2024-09-27T19:40:34","slug":"paulo-gonet-tambem-enfrentara-denuncias-nos-eua","status":"publish","type":"post","link":"https:\/\/tvbrazilusa.com\/pt\/2024\/09\/27\/paulo-gonet-tambem-enfrentara-denuncias-nos-eua\/","title":{"rendered":"Paulo Gonet tamb\u00e9m enfrentar\u00e1 den\u00fancias nos EUA"},"content":{"rendered":"<p> <script async src=\"https:\/\/pagead2.googlesyndication.com\/pagead\/js\/adsbygoogle.js?client=ca-pub-8864793242727901\"\r\n     crossorigin=\"anonymous\"><\/script><br \/>\n<\/p>\n<div id=\"taboola-read-more\" style=\"display:block; width:100%\">\n<p>O procurador-geral da Rep\u00fablica, Paulo Gonet, tamb\u00e9m ser\u00e1 denunciado na Comiss\u00e3o Interamericana de Direitos Humanos, assim como o ministro Alexandre de Moraes, do Supremo Tribunal Federal (STF).\n<\/p>\n<p>A a\u00e7\u00e3o vai ser movida pelo advogado Paulo Faria, que atua na defesa do ex-deputado Daniel Silveira, informou ele a Oeste.<\/p>\n<p>Nos pr\u00f3ximos dias, Faria vai a Washington D.C. para que a Organiza\u00e7\u00e3o dos Estados Americanos saiba da situa\u00e7\u00e3o.\n<\/p>\n<p>Conforme Faria, Gonet repete crimes de Moraes ao ser \u201comisso\u201d no que diz respeito \u00e0 conduta do magistrado.\n<\/p>\n<p>De acordo com o advogado, o juiz do STF submeteu Silveira a tortura e cometeu abusos de poder e autoridade.\n<\/p>\n<p>Ainda segundo Faria, Gonet incorreu em crime de responsabilidade. Isso porque o procurador-geral da Rep\u00fablica teria violado o artigo 40 da Lei 1.079\/50, que trata das responsabilidades do ocupante do cargo.\n<\/p>\n<h2>Alexandre de Moraes pede mais dados sobre exame de Silveira<\/h2>\n<figure><picture><source srcset=\"https:\/\/medias.revistaoeste.com\/wp-content\/uploads\/2022\/04\/agf20220331089-1-1024x731.jpg.webp 1024w, https:\/\/medias.revistaoeste.com\/wp-content\/uploads\/2022\/04\/agf20220331089-1-300x214.jpg.webp 300w, https:\/\/medias.revistaoeste.com\/wp-content\/uploads\/2022\/04\/agf20220331089-1-768x548.jpg.webp 768w, https:\/\/medias.revistaoeste.com\/wp-content\/uploads\/2022\/04\/agf20220331089-1-60x43.jpg.webp 60w, https:\/\/medias.revistaoeste.com\/wp-content\/uploads\/2022\/04\/agf20220331089-1-240x171.jpg.webp 240w, https:\/\/medias.revistaoeste.com\/wp-content\/uploads\/2022\/04\/agf20220331089-1-600x428.jpg.webp 600w, https:\/\/medias.revistaoeste.com\/wp-content\/uploads\/2022\/04\/agf20220331089-1.jpg.webp 1280w\" type=\"image\/webp\" data-srcset=\"https:\/\/medias.revistaoeste.com\/wp-content\/uploads\/2022\/04\/agf20220331089-1-1024x731.jpg.webp 1024w, https:\/\/medias.revistaoeste.com\/wp-content\/uploads\/2022\/04\/agf20220331089-1-300x214.jpg.webp 300w, https:\/\/medias.revistaoeste.com\/wp-content\/uploads\/2022\/04\/agf20220331089-1-768x548.jpg.webp 768w, https:\/\/medias.revistaoeste.com\/wp-content\/uploads\/2022\/04\/agf20220331089-1-60x43.jpg.webp 60w, https:\/\/medias.revistaoeste.com\/wp-content\/uploads\/2022\/04\/agf20220331089-1-240x171.jpg.webp 240w, https:\/\/medias.revistaoeste.com\/wp-content\/uploads\/2022\/04\/agf20220331089-1-600x428.jpg.webp 600w, https:\/\/medias.revistaoeste.com\/wp-content\/uploads\/2022\/04\/agf20220331089-1.jpg.webp 1280w\" data-sizes=\"(max-width: 1024px) 100vw, 1024px\"\/><\/picture><\/figure>\n<p>Na ter\u00e7a-feira 24, Moraes mandou o governo do Rio de Janeiro complementar o exame criminol\u00f3gico de Silveira.\n<\/p>\n<p>Em 9 de setembro, a Secretaria de Administra\u00e7\u00e3o Penitenci\u00e1ria do Estado emitiu um parecer favor\u00e1vel ao ex-deputado.\n<\/p>\n<p>De acordo com a pasta, do ponto de vista psiqui\u00e1trico, \u201cn\u00e3o h\u00e1 fator impeditivo\u201d para a Justi\u00e7a conceder a progress\u00e3o do regime. Oeste obteve o laudo com exclusividade.\n<\/p>\n<p>H\u00e1 algumas semanas, a pedido de Gonet, Moraes solicitou o diagn\u00f3stico.\n<\/p>\n<p>Esse teste consiste na realiza\u00e7\u00e3o de an\u00e1lises dentro do pres\u00eddio a fim de saber se o detido tem condi\u00e7\u00f5es de voltar \u00e0 sociedade. Silveira se encontra em Bangu 8.\n<\/p>\n<p>Moraes, contudo, achou o posicionamento da secretaria insuficiente. \u201cDetermino que o exame criminol\u00f3gico seja devidamente complementado, com resposta aos quesitos formulados\u201d, escreveu o juiz do STF, no despacho.\n<\/p>\n<p><strong>Revista Oeste\u00a0<\/strong> <\/p>\n<\/div>\n<p><br \/>\n<br \/><a href=\"https:\/\/diariodobrasilnoticias.com.br\/noticia\/paulo-gonet-tambem-enfrentara-denuncias-nos-eua-66f6f257172d3\">Source link <\/a><\/p>","protected":false},"excerpt":{"rendered":"<p>O procurador-geral da Rep\u00fablica, Paulo Gonet, tamb\u00e9m ser\u00e1 denunciado na Comiss\u00e3o Interamericana de Direitos Humanos, assim como o ministro Alexandre de Moraes, do Supremo Tribunal Federal (STF). A a\u00e7\u00e3o vai&hellip;<\/p>","protected":false},"author":1,"featured_media":42482,"comment_status":"closed","ping_status":"open","sticky":false,"template":"","format":"standard","meta":{"content-type":"","footnotes":""},"categories":[16],"tags":[123,2448,5313,1267],"class_list":["post-42481","post","type-post","status-publish","format-standard","has-post-thumbnail","hentry","category-noticias","tag-brasil","tag-diario","tag-noticia","tag-noticias"],"_links":{"self":[{"href":"https:\/\/tvbrazilusa.com\/pt\/wp-json\/wp\/v2\/posts\/42481","targetHints":{"allow":["GET"]}}],"collection":[{"href":"https:\/\/tvbrazilusa.com\/pt\/wp-json\/wp\/v2\/posts"}],"about":[{"href":"https:\/\/tvbrazilusa.com\/pt\/wp-json\/wp\/v2\/types\/post"}],"author":[{"embeddable":true,"href":"https:\/\/tvbrazilusa.com\/pt\/wp-json\/wp\/v2\/users\/1"}],"replies":[{"embeddable":true,"href":"https:\/\/tvbrazilusa.com\/pt\/wp-json\/wp\/v2\/comments?post=42481"}],"version-history":[{"count":1,"href":"https:\/\/tvbrazilusa.com\/pt\/wp-json\/wp\/v2\/posts\/42481\/revisions"}],"predecessor-version":[{"id":42483,"href":"https:\/\/tvbrazilusa.com\/pt\/wp-json\/wp\/v2\/posts\/42481\/revisions\/42483"}],"wp:featuredmedia":[{"embeddable":true,"href":"https:\/\/tvbrazilusa.com\/pt\/wp-json\/wp\/v2\/media\/42482"}],"wp:attachment":[{"href":"https:\/\/tvbrazilusa.com\/pt\/wp-json\/wp\/v2\/media?parent=42481"}],"wp:term":[{"taxonomy":"category","embeddable":true,"href":"https:\/\/tvbrazilusa.com\/pt\/wp-json\/wp\/v2\/categories?post=42481"},{"taxonomy":"post_tag","embeddable":true,"href":"https:\/\/tvbrazilusa.com\/pt\/wp-json\/wp\/v2\/tags?post=42481"}],"curies":[{"name":"wp","href":"https:\/\/api.w.org\/{rel}","templated":true}]}}