{"id":42505,"date":"2024-09-27T20:51:06","date_gmt":"2024-09-27T20:51:06","guid":{"rendered":"https:\/\/tvbrazilusa.com\/2024\/09\/27\/se-voces-nos-atacarem-responderemos-afirma-netanyahu-ao-ira-na-onu\/"},"modified":"2024-09-27T20:51:13","modified_gmt":"2024-09-27T20:51:13","slug":"se-voces-nos-atacarem-responderemos-afirma-netanyahu-ao-ira-na-onu","status":"publish","type":"post","link":"https:\/\/tvbrazilusa.com\/pt\/2024\/09\/27\/se-voces-nos-atacarem-responderemos-afirma-netanyahu-ao-ira-na-onu\/","title":{"rendered":"&#8220;Se voc\u00eas nos atacarem, responderemos&#8221;, afirma Netanyahu ao Ir\u00e3 na ONU"},"content":{"rendered":"<p> <script async src=\"https:\/\/pagead2.googlesyndication.com\/pagead\/js\/adsbygoogle.js?client=ca-pub-8864793242727901\"\r\n     crossorigin=\"anonymous\"><\/script><br \/>\n<\/p>\n<div id=\"taboola-read-more\" style=\"display:block; width:100%\">\n<p>O l\u00edder israelense tamb\u00e9m afirmou que o Ir\u00e3 for\u00e7ou Israel a se defender em mais \u201c6 frentes de guerra\u201d desde a ofensiva do Hamas em 7 de outubro de 2023.\n<\/p>\n<p>Citou os ataques contra Tel Aviv realizados pelos grupos extremistas Hezbollah, do L\u00edbano, e Houthis, do I\u00eamen, al\u00e9m de \u201cmil\u00edcias na S\u00edria e no Iraque\u201d e \u201cterroristas palestinos\u201d na Cisjord\u00e2nia. Segundo Netanyahu, todos s\u00e3o financiados e \u201calimentados\u201d pelo governo do Ir\u00e3, que tamb\u00e9m atacou Israel.<\/p>\n<p>Ao longo do discurso, Netanyahu tamb\u00e9m declarou que Israel est\u00e1 ganhando e que vencer\u00e1 a batalha porque o pa\u00eds n\u00e3o tem escolha.\n<\/p>\n<p>Mostrou ainda 2 mapas para ilustrar potenciais aliados \u00e1rabes de Israel (Egito, Ar\u00e1bia Saudita e Sud\u00e3o) e aliados do Ir\u00e3 (L\u00edbano, S\u00edria, Iraque e I\u00eamen).\n<\/p>\n<p>Segundo o l\u00edder israelense, o Ir\u00e3 \u00e9 uma for\u00e7a para a instabilidade regional, enquanto uma alian\u00e7a entre Israel e o mundo \u00e1rabe poderia ser uma influ\u00eancia estabilizadora na regi\u00e3o.\n<\/p>\n<\/p>\n<p>Reprodu\u00e7\u00e3o\/Youtube @unitednations \u2013 27.set.2024<\/p>\n<p>\u00a0<\/p>\n<p><span class=\"caption\" title=\"Cr\u00e9ditos da imagem\">Na imagem, Benjamin Netanyahu segura um mapa (\u00e0 esquerda) que mostra os aliados do Ir\u00e3 e outro (\u00e0 direita) com os aliados de Israel; \u201c\u00c9 um mapa de uma maldi\u00e7\u00e3o. \u00c9 um mapa de um arco de terror que o Ir\u00e3 criou e imp\u00f4s desde o Oceano \u00cdndico at\u00e9 o Mediterr\u00e2neo\u201d, disse o premi\u00ea de Israel, referindo-se ao mapa do Ir\u00e3, durante seu discurso na ONU<\/span><\/p>\n<p>\u00a0<\/p>\n<p>Eis outros destaques do discurso de Netanyahu na ONU:\n<\/p>\n<ul>\n<li><strong dir=\"ltr\">participa\u00e7\u00e3o na Assembleia:<\/strong><span dir=\"ltr\">\u00a0o premi\u00ea israelense disse que originalmente n\u00e3o pretendia discursar no encontro, mas decidiu comparecer para esclarecer as coisas sobre Israel.\u00a0<\/span><em dir=\"ltr\"><span dir=\"ltr\">\u201cDecidi vir aqui para falar pelo meu povo, pelo meu pa\u00eds, pela verdade. E aqui est\u00e1 a verdade: Israel busca a paz. Israel anseia pela paz. Israel fez a paz e far\u00e1 a paz novamente<\/span><\/em><span dir=\"ltr\">\u201d.\u00a0<\/span><\/li>\n<li><strong dir=\"ltr\">acordo com Ar\u00e1bia Saudita:<\/strong><span dir=\"ltr\">\u00a0Netanyahu afirmou que quando falou \u00e0 Assembleia em 2023, Israel estava perto de alcan\u00e7ar um acordo diplom\u00e1tico hist\u00f3rico com a Ar\u00e1bia Saudita. O ataque liderado pelo Hamas em 7 de outubro impediu que a iniciativa fosse adiante, segundo o premi\u00ea.<\/span><\/li>\n<li><strong dir=\"ltr\">ref\u00e9ns:<\/strong><em dir=\"ltr\">\u00a0\u201cquero assegurar a voc\u00eas que n\u00e3o descansaremos at\u00e9 que os demais ref\u00e9ns\u00a0<\/em>[mantidos pelo Hamas]<em dir=\"ltr\">\u00a0sejam trazidos de volta para casa\u201d<\/em>.<\/li>\n<\/ul>\n<p><strong>Poder 360<\/strong> <\/p>\n<\/div>\n<p><br \/>\n<br \/><a href=\"https:\/\/diariodobrasilnoticias.com.br\/noticia\/-se-voces-nos-atacarem-responderemos-afirma-netanyahu-ao-ira-na-onu-66f703f3d2f14\">Source link <\/a><\/p>","protected":false},"excerpt":{"rendered":"<p>O l\u00edder israelense tamb\u00e9m afirmou que o Ir\u00e3 for\u00e7ou Israel a se defender em mais \u201c6 frentes de guerra\u201d desde a ofensiva do Hamas em 7 de outubro de 2023.&hellip;<\/p>","protected":false},"author":1,"featured_media":42506,"comment_status":"closed","ping_status":"open","sticky":false,"template":"","format":"standard","meta":{"content-type":"","footnotes":""},"categories":[16],"tags":[123,2448,5313,1267],"class_list":["post-42505","post","type-post","status-publish","format-standard","has-post-thumbnail","hentry","category-noticias","tag-brasil","tag-diario","tag-noticia","tag-noticias"],"_links":{"self":[{"href":"https:\/\/tvbrazilusa.com\/pt\/wp-json\/wp\/v2\/posts\/42505","targetHints":{"allow":["GET"]}}],"collection":[{"href":"https:\/\/tvbrazilusa.com\/pt\/wp-json\/wp\/v2\/posts"}],"about":[{"href":"https:\/\/tvbrazilusa.com\/pt\/wp-json\/wp\/v2\/types\/post"}],"author":[{"embeddable":true,"href":"https:\/\/tvbrazilusa.com\/pt\/wp-json\/wp\/v2\/users\/1"}],"replies":[{"embeddable":true,"href":"https:\/\/tvbrazilusa.com\/pt\/wp-json\/wp\/v2\/comments?post=42505"}],"version-history":[{"count":1,"href":"https:\/\/tvbrazilusa.com\/pt\/wp-json\/wp\/v2\/posts\/42505\/revisions"}],"predecessor-version":[{"id":42507,"href":"https:\/\/tvbrazilusa.com\/pt\/wp-json\/wp\/v2\/posts\/42505\/revisions\/42507"}],"wp:featuredmedia":[{"embeddable":true,"href":"https:\/\/tvbrazilusa.com\/pt\/wp-json\/wp\/v2\/media\/42506"}],"wp:attachment":[{"href":"https:\/\/tvbrazilusa.com\/pt\/wp-json\/wp\/v2\/media?parent=42505"}],"wp:term":[{"taxonomy":"category","embeddable":true,"href":"https:\/\/tvbrazilusa.com\/pt\/wp-json\/wp\/v2\/categories?post=42505"},{"taxonomy":"post_tag","embeddable":true,"href":"https:\/\/tvbrazilusa.com\/pt\/wp-json\/wp\/v2\/tags?post=42505"}],"curies":[{"name":"wp","href":"https:\/\/api.w.org\/{rel}","templated":true}]}}