{"id":42510,"date":"2024-09-27T21:05:07","date_gmt":"2024-09-27T21:05:07","guid":{"rendered":"https:\/\/tvbrazilusa.com\/2024\/09\/27\/viuva-assume-a-candidatura-ao-cargo-de-prefeito-apos-a-morte-do-esposo-no-rn\/"},"modified":"2024-09-27T21:05:08","modified_gmt":"2024-09-27T21:05:08","slug":"viuva-assume-a-candidatura-ao-cargo-de-prefeito-apos-a-morte-do-esposo-no-rn","status":"publish","type":"post","link":"https:\/\/tvbrazilusa.com\/pt\/2024\/09\/27\/viuva-assume-a-candidatura-ao-cargo-de-prefeito-apos-a-morte-do-esposo-no-rn\/","title":{"rendered":"Vi\u00fava assume a candidatura ao cargo de prefeito ap\u00f3s a morte do esposo no RN:"},"content":{"rendered":"<p> <script async src=\"https:\/\/pagead2.googlesyndication.com\/pagead\/js\/adsbygoogle.js?client=ca-pub-8864793242727901\"\r\n     crossorigin=\"anonymous\"><\/script><br \/>\n<\/p>\n<div id=\"taboola-read-more\" style=\"display:block; width:100%\">\n<p>cNo munic\u00edpio de Jo\u00e3o Dias, no Rio Grande do Norte, a trag\u00e9dia da morte do prefeito Marcelo Oliveira, assassinado junto com seu pai no dia 27 de agosto, levou \u00e0 ascens\u00e3o de sua vi\u00fava, Maria de F\u00e1tima Mesquita da Silva, a ser a nova candidata do Uni\u00e3o Brasil \u00e0 prefeitura. Conhecida como Fatinha de Marcelo, a mulher de 34 anos teve sua candidatura registrada na Justi\u00e7a Eleitoral.\n<\/p>\n<p>No dia 6 de setembro, Fatinha assumiu o perfil do marido nas redes sociais, mudando a foto e publicando um comunicado. &#8220;Eu, Fatinha de Marcelo, esposa daquele que dedicou a sua vida para o bem-estar do nosso povo, me coloco \u00e0 frente dessa luta, me comprometo a continuar o trabalho de meu marido. Junto com o povo de Jo\u00e3o Dias, enfrentaremos o medo e a criminalidade com uni\u00e3o, for\u00e7a e f\u00e9. N\u00e3o nos curvaremos ao terror, e juntos, transformaremos a dor em coragem e seguiremos em frente.&#8221;<\/p>\n<p>O assassinato de Marcelo Oliveira, que buscava a reelei\u00e7\u00e3o, chocou a pequena cidade de Jo\u00e3o Dias, que tem pouco mais de 2 mil habitantes, segundo dados do IBGE. &#8220;Tragicamente, o terror voltou a nossa cidade, e tomou conta de nossos cora\u00e7\u00f5es e de nossas ruas, interrompendo vidas e trazendo tristeza \u00e0 nossa querida Jo\u00e3o Dias.&#8221;\n<\/p>\n<p>A candidata tem como foco retornar aos dias de paz, como disse em v\u00eddeo: &#8220;Quero passar tranquilidade para o povo de Jo\u00e3o Dias e dizer que estou aqui, firme e forte.&#8221;\n<\/p>\n<p>O irm\u00e3o de Marcelo, Jess\u00e9 Oliveira, de 27 anos, tamb\u00e9m do Uni\u00e3o Brasil, assumiu a gest\u00e3o do munic\u00edpio ap\u00f3s o falecimento do prefeito. Ele foi nomeado em uma sess\u00e3o realizada virtualmente, no \u00faltimo dia 29, devido a quest\u00f5es de seguran\u00e7a. Jess\u00e9, que era o presidente da C\u00e2mara Municipal, agora deve exercer a fun\u00e7\u00e3o at\u00e9 o fim do ano e continua como candidato \u00e0 reelei\u00e7\u00e3o como vereador. A vice-prefeita eleita em 2020, Dam\u00e1ria J\u00e1come, foi afastada pela Justi\u00e7a em 2022 ap\u00f3s den\u00fancias de amea\u00e7as feitas pelo prefeito assassinado.\n<\/p>\n<p>A seguran\u00e7a p\u00fablica do Rio Grande do Norte se mobilizou ap\u00f3s o crime, resultando na pris\u00e3o de 14 pessoas, incluindo quatro suspeitos diretamente envolvidos no assassinato de Marcelo e seu pai, e outros 10 acusados de planejar uma vingan\u00e7a. As autoridades n\u00e3o descartam a possibilidade de motiva\u00e7\u00e3o pol\u00edtica.\n<\/p>\n<p><strong>TERRA<\/strong>\u00a0 <\/p>\n<\/div>\n<p><br \/>\n<br \/><a href=\"https:\/\/diariodobrasilnoticias.com.br\/noticia\/viuva-assume-a-candidatura-ao-cargo-de-prefeito-apos-a-morte-do-esposo-no-rn-enfrentaremos-o-medo-66f70048b0cfb\">Source link <\/a><\/p>","protected":false},"excerpt":{"rendered":"<p>cNo munic\u00edpio de Jo\u00e3o Dias, no Rio Grande do Norte, a trag\u00e9dia da morte do prefeito Marcelo Oliveira, assassinado junto com seu pai no dia 27 de agosto, levou \u00e0&hellip;<\/p>","protected":false},"author":1,"featured_media":42511,"comment_status":"closed","ping_status":"open","sticky":false,"template":"","format":"standard","meta":{"content-type":"","footnotes":""},"categories":[16],"tags":[123,2448,5313,1267],"class_list":["post-42510","post","type-post","status-publish","format-standard","has-post-thumbnail","hentry","category-noticias","tag-brasil","tag-diario","tag-noticia","tag-noticias"],"_links":{"self":[{"href":"https:\/\/tvbrazilusa.com\/pt\/wp-json\/wp\/v2\/posts\/42510","targetHints":{"allow":["GET"]}}],"collection":[{"href":"https:\/\/tvbrazilusa.com\/pt\/wp-json\/wp\/v2\/posts"}],"about":[{"href":"https:\/\/tvbrazilusa.com\/pt\/wp-json\/wp\/v2\/types\/post"}],"author":[{"embeddable":true,"href":"https:\/\/tvbrazilusa.com\/pt\/wp-json\/wp\/v2\/users\/1"}],"replies":[{"embeddable":true,"href":"https:\/\/tvbrazilusa.com\/pt\/wp-json\/wp\/v2\/comments?post=42510"}],"version-history":[{"count":1,"href":"https:\/\/tvbrazilusa.com\/pt\/wp-json\/wp\/v2\/posts\/42510\/revisions"}],"predecessor-version":[{"id":42512,"href":"https:\/\/tvbrazilusa.com\/pt\/wp-json\/wp\/v2\/posts\/42510\/revisions\/42512"}],"wp:featuredmedia":[{"embeddable":true,"href":"https:\/\/tvbrazilusa.com\/pt\/wp-json\/wp\/v2\/media\/42511"}],"wp:attachment":[{"href":"https:\/\/tvbrazilusa.com\/pt\/wp-json\/wp\/v2\/media?parent=42510"}],"wp:term":[{"taxonomy":"category","embeddable":true,"href":"https:\/\/tvbrazilusa.com\/pt\/wp-json\/wp\/v2\/categories?post=42510"},{"taxonomy":"post_tag","embeddable":true,"href":"https:\/\/tvbrazilusa.com\/pt\/wp-json\/wp\/v2\/tags?post=42510"}],"curies":[{"name":"wp","href":"https:\/\/api.w.org\/{rel}","templated":true}]}}