{"id":4252,"date":"2024-07-19T23:30:10","date_gmt":"2024-07-19T23:30:10","guid":{"rendered":"https:\/\/tvbrazilusa.com\/2024\/07\/19\/argentina-retorna-ao-processo-do-tpi-sobre-a-venezuela-paulo-figueiredo\/"},"modified":"2024-07-19T23:41:20","modified_gmt":"2024-07-19T23:41:20","slug":"argentina-retorna-ao-processo-do-tpi-sobre-a-venezuela-paulo-figueiredo","status":"publish","type":"post","link":"https:\/\/tvbrazilusa.com\/pt\/2024\/07\/19\/argentina-retorna-ao-processo-do-tpi-sobre-a-venezuela-paulo-figueiredo\/","title":{"rendered":"Argentina retorna ao processo do TPI sobre a Venezuela &#8211; Paulo Figueiredo"},"content":{"rendered":"<p> <script async src=\"https:\/\/pagead2.googlesyndication.com\/pagead\/js\/adsbygoogle.js?client=ca-pub-8864793242727901\"\r\n     crossorigin=\"anonymous\"><\/script><br \/>\n<\/p>\n<div id=\"wtr-content\" data-bg=\"#FFFFFF\" data-fg=\"#006d91\" data-width=\"25\" data-mute=\"1\" data-fgopacity=\"1.00\" data-mutedopacity=\"0.5\" data-placement=\"bottom\" data-placement-offset=\"0\" data-content-offset=\"262\" data-placement-touch=\"bottom\" data-placement-offset-touch=\"0\" data-transparent=\"\" data-shadow=\"0\" data-touch=\"1\" data-non-touch=\"1\" data-comments=\"0\" data-commentsbg=\"transparent\" data-location=\"page\" data-mutedfg=\"#006d91\" data-endfg=\"#006d91\" data-rtl=\"\">\n<h3 class=\"wp-block-heading\">Argentina havia se retirado do processo no TPI contra a Venezuela durante a presid\u00eancia de Alberto Fern\u00e1ndez<\/h3>\n<pre class=\"wp-block-preformatted has-small-font-size\">Foto: EFE\/Lenin Nolly<\/pre>\n<p>O Minist\u00e9rio das Rela\u00e7\u00f5es Exteriores da Argentina comunicou nesta sexta-feira (19) o Tribunal Penal Internacional (TPI) sobre sua decis\u00e3o de voltar a fazer parte dos denunciantes no processo que apura na corte crimes contra a humanidade praticados pela ditadura de Nicol\u00e1s Maduro na Venezuela.<\/p>\n<p>Junto de Canad\u00e1, Chile, Col\u00f4mbia, Paraguai e Peru, a Argentina pediu ao TPI a abertura de um processo em 2018, durante a presid\u00eancia de Mauricio Macri, mas se retirou em 2021, quando o presidente era o peronista Alberto Fern\u00e1ndez.<\/p>\n<p>\u201cEsta decis\u00e3o \u00e9 consistente com as a\u00e7\u00f5es e declara\u00e7\u00f5es que o governo argentino vem adotando desde 10 de dezembro de 2023 [data da posse do atual presidente, Javier Milei] diante da deteriora\u00e7\u00e3o da situa\u00e7\u00e3o pol\u00edtica e dos direitos humanos na Venezuela. A Rep\u00fablica Argentina continuar\u00e1 a lutar pelo restabelecimento do Estado de direito e pela defesa dos princ\u00edpios da liberdade e da democracia naquele pa\u00eds\u201d, informou o minist\u00e9rio em comunicado.<\/p>\n<p>No in\u00edcio de mar\u00e7o,\u00a0o TPI havia rejeitado os argumentos de Caracas\u00a0contra a retomada da investiga\u00e7\u00e3o sobre a pr\u00e1tica de crimes contra a humanidade na Venezuela e autorizou o procurador da corte, Karim Khan, a continuar as apura\u00e7\u00f5es.<\/p>\n<p>Em abril,\u00a0a Justi\u00e7a da Argentina tamb\u00e9m determinou a reabertura de uma investiga\u00e7\u00e3o\u00a0sobre viola\u00e7\u00f5es de direitos humanos e crimes contra a humanidade na Venezuela.<\/p>\n<p>Em julho de 2023, o F\u00f3rum Argentino para a Defesa da Democracia e a Funda\u00e7\u00e3o George Clooney haviam apresentado den\u00fancias contra a ditadura da Venezuela na Justi\u00e7a Federal argentina para que fossem investigados esses crimes. Entretanto, um juiz arquivou o caso e o encaminhou para o TPI.<\/p>\n<p>Em abril deste ano, a Sala 1 da C\u00e2mara Federal judici\u00e1ria de Buenos Aires considerou que h\u00e1 \u201cjurisdi\u00e7\u00e3o universal e jurisdi\u00e7\u00e3o extraterritorial\u201d no que diz respeito a \u201cgraves viola\u00e7\u00f5es dos direitos humanos e crimes contra a humanidade\u201d e determinou a reabertura da investiga\u00e7\u00e3o.<\/p>\n<p><strong><a href=\"https:\/\/www.gazetadopovo.com.br\/mundo\/argentina-processo-tpi-venezuela\/\">Source link<\/a><\/strong><\/p>\n<\/div>\n<p><br \/>\n<br \/><a href=\"https:\/\/paulofigueiredoshow.com\/argentina-retorna-ao-processo-do-tpi-sobre-a-venezuela\/\">Source link <\/a><\/p>","protected":false},"excerpt":{"rendered":"<p>Argentina havia se retirado do processo no TPI contra a Venezuela durante a presid\u00eancia de Alberto Fern\u00e1ndez Foto: EFE\/Lenin Nolly O Minist\u00e9rio das Rela\u00e7\u00f5es Exteriores da Argentina comunicou nesta sexta-feira&hellip;<\/p>","protected":false},"author":1,"featured_media":4253,"comment_status":"closed","ping_status":"open","sticky":false,"template":"","format":"standard","meta":{"content-type":"","footnotes":""},"categories":[16],"tags":[],"class_list":["post-4252","post","type-post","status-publish","format-standard","has-post-thumbnail","hentry","category-noticias"],"_links":{"self":[{"href":"https:\/\/tvbrazilusa.com\/pt\/wp-json\/wp\/v2\/posts\/4252","targetHints":{"allow":["GET"]}}],"collection":[{"href":"https:\/\/tvbrazilusa.com\/pt\/wp-json\/wp\/v2\/posts"}],"about":[{"href":"https:\/\/tvbrazilusa.com\/pt\/wp-json\/wp\/v2\/types\/post"}],"author":[{"embeddable":true,"href":"https:\/\/tvbrazilusa.com\/pt\/wp-json\/wp\/v2\/users\/1"}],"replies":[{"embeddable":true,"href":"https:\/\/tvbrazilusa.com\/pt\/wp-json\/wp\/v2\/comments?post=4252"}],"version-history":[{"count":1,"href":"https:\/\/tvbrazilusa.com\/pt\/wp-json\/wp\/v2\/posts\/4252\/revisions"}],"predecessor-version":[{"id":4254,"href":"https:\/\/tvbrazilusa.com\/pt\/wp-json\/wp\/v2\/posts\/4252\/revisions\/4254"}],"wp:featuredmedia":[{"embeddable":true,"href":"https:\/\/tvbrazilusa.com\/pt\/wp-json\/wp\/v2\/media\/4253"}],"wp:attachment":[{"href":"https:\/\/tvbrazilusa.com\/pt\/wp-json\/wp\/v2\/media?parent=4252"}],"wp:term":[{"taxonomy":"category","embeddable":true,"href":"https:\/\/tvbrazilusa.com\/pt\/wp-json\/wp\/v2\/categories?post=4252"},{"taxonomy":"post_tag","embeddable":true,"href":"https:\/\/tvbrazilusa.com\/pt\/wp-json\/wp\/v2\/tags?post=4252"}],"curies":[{"name":"wp","href":"https:\/\/api.w.org\/{rel}","templated":true}]}}