{"id":42525,"date":"2024-09-27T21:33:39","date_gmt":"2024-09-27T21:33:39","guid":{"rendered":"https:\/\/tvbrazilusa.com\/2024\/09\/27\/candidata-a-vereadora-leo-aquilla-e-alvo-de-um-atentado-a-tiros-em-sao-paulo\/"},"modified":"2024-09-27T21:33:40","modified_gmt":"2024-09-27T21:33:40","slug":"candidata-a-vereadora-leo-aquilla-e-alvo-de-um-atentado-a-tiros-em-sao-paulo","status":"publish","type":"post","link":"https:\/\/tvbrazilusa.com\/pt\/2024\/09\/27\/candidata-a-vereadora-leo-aquilla-e-alvo-de-um-atentado-a-tiros-em-sao-paulo\/","title":{"rendered":"Candidata a vereadora, L\u00e9o \u00c1quilla \u00e9 alvo de um atentado a tiros em S\u00e3o Paulo"},"content":{"rendered":"<p> <script async src=\"https:\/\/pagead2.googlesyndication.com\/pagead\/js\/adsbygoogle.js?client=ca-pub-8864793242727901\"\r\n     crossorigin=\"anonymous\"><\/script><br \/>\n<\/p>\n<div id=\"taboola-read-more\" style=\"display:block; width:100%\">\n<p>Quase duas semanas ap\u00f3s sofrer um ataque transf\u00f3bico durante ato de campanha, a candidata a vereadora\u00a0<a href=\"https:\/\/www.instagram.com\/leonoraaquillaoficial\/\" target=\"_blank\" rel=\"noopener noreferrer\">L\u00e9o \u00c1quilla<\/a>\u00a0foi v\u00edtima de um atentado a tiros, em S\u00e3o Paulo, na noite de quinta-feira (26\/9).\n<\/p>\n<p data-gtm-vis-recent-on-screen104869357_94=\"33238\" data-gtm-vis-first-on-screen104869357_94=\"33238\" data-gtm-vis-total-visible-time104869357_94=\"100\" data-gtm-vis-has-fired104869357_94=\"1\">A not\u00edcia foi confirmada pelo perfil oficial da jornalista no Instagram, na madrugada desta sexta-feira (27\/9), atrav\u00e9s de uma notal, que ainda deu mais detalhes sobre o caso.<\/p>\n<p data-gtm-vis-recent-on-screen104869357_94=\"33238\" data-gtm-vis-first-on-screen104869357_94=\"33238\" data-gtm-vis-total-visible-time104869357_94=\"100\" data-gtm-vis-has-fired104869357_94=\"1\">\u00a0\n<\/p>\n<p>\u201cComunicamos a todos apoiadores, amigos e familiares que L\u00e9o \u00c1quilla foi v\u00edtima de uma tentativa de homic\u00eddio esta noite. Os proj\u00e9teis atingiram seu carro, mas ela n\u00e3o foi atingida\u201d, come\u00e7ou o texto.\n<\/p>\n<p>\u00a0<\/p>\n<p>Em seguida, a equipe da candidata a vereadora revelou como ela est\u00e1: \u201cEstamos tomando todas as medidas cab\u00edveis. L\u00e9o est\u00e1 abalada no momento, mas assim que poss\u00edvel se pronunciar\u00e1\u201d, encerrou.\n<\/p>\n<p>Nos coment\u00e1rios, internautas enviaram muitas mensagens de apoio: \u201cVamos orar para que a espiritualidade possa fortalecer e proteger a L\u00e9o \u00c1quilla. Estamos chegando na reta final. Ningu\u00e9m solta a m\u00e3o de ningu\u00e9m!\u201d, escreveu uma. \u201cQue Deus te proteja. Ele colocou e colocar\u00e1 anjos de luz todos os dias para te proteger de todos os maus. \u2764\ufe0f\ud83d\ude4f\u2764\ufe0f\ud83d\ude4f\u2764\ufe0f\ud83d\ude4f\u2764\ufe0f\ud83d\ude4f\u2764\ufe0f\ud83d\ude4f\u2764\ufe0f\ud83d\ude4f\u2764\ufe0f\u201d, garantiu outra. \u201cMeu Deus, que o senhor a proteja. J\u00e1 pedi para ela andar com 2 arm\u00e1rios [seguran\u00e7as] \ud83d\ude22 T\u00f4 em choque, espero que fique bem\u201d, postou um terceiro.\n<\/p>\n<h4>L\u00e9o \u00c1quilla denuncia ataque transf\u00f3bico<\/h4>\n<p>Candidata \u00e0 vereadora pela cidade de S\u00e3o Paulo, L\u00e9o \u00c1quilla foi \u00e0s redes sociais, no \u00faltimo dia 12, denunciar um ataque transf\u00f3bico durante sua atividade de campanha no bairro Santo Amaro, zona sul da capital paulista.\n<\/p>\n<p>Em um v\u00eddeo, a influenciadora registrou o momento em que vai atr\u00e1s de um homem que teria proferido insultos contra ela.\n<\/p>\n<p>\u201cVem falar na minha cara\u201d, disse L\u00e9o para o homem, que ainda questionou se ela iria \u201cencarar\u201d, fazendo men\u00e7\u00e3o que tiraria algo da mochila que transportava.\n<\/p>\n<p>\u201cEu vou encarar! Voc\u00ea est\u00e1 me amea\u00e7ando por qu\u00ea? Est\u00e1 com uma arma?\u201d, respondeu a candidata.\n<\/p>\n<p>Pelas redes sociais, a influenciadora disse que as \u201cprovid\u00eancias cab\u00edveis est\u00e3o em andamento\u201d e afirmou ainda que \u201ctransf\u00f3bicos n\u00e3o passar\u00e3o\u201d.\n<\/p>\n<p><strong>Metr\u00f3poles\u00a0<\/strong> <\/p>\n<\/div>\n<p><script async src=\"\/\/www.instagram.com\/embed.js\"><\/script><br \/>\n<br \/><br \/>\n<br \/><a href=\"https:\/\/diariodobrasilnoticias.com.br\/noticia\/candidata-a-vereadora-leo-aquilla-e-alvo-de-um-atentado-a-tiros-em-sao-paulo-66f704ec601f9\">Source link <\/a><\/p>","protected":false},"excerpt":{"rendered":"<p>Quase duas semanas ap\u00f3s sofrer um ataque transf\u00f3bico durante ato de campanha, a candidata a vereadora\u00a0L\u00e9o \u00c1quilla\u00a0foi v\u00edtima de um atentado a tiros, em S\u00e3o Paulo, na noite de quinta-feira&hellip;<\/p>","protected":false},"author":1,"featured_media":42526,"comment_status":"closed","ping_status":"open","sticky":false,"template":"","format":"standard","meta":{"content-type":"","footnotes":""},"categories":[16],"tags":[123,2448,5313,1267],"class_list":["post-42525","post","type-post","status-publish","format-standard","has-post-thumbnail","hentry","category-noticias","tag-brasil","tag-diario","tag-noticia","tag-noticias"],"_links":{"self":[{"href":"https:\/\/tvbrazilusa.com\/pt\/wp-json\/wp\/v2\/posts\/42525","targetHints":{"allow":["GET"]}}],"collection":[{"href":"https:\/\/tvbrazilusa.com\/pt\/wp-json\/wp\/v2\/posts"}],"about":[{"href":"https:\/\/tvbrazilusa.com\/pt\/wp-json\/wp\/v2\/types\/post"}],"author":[{"embeddable":true,"href":"https:\/\/tvbrazilusa.com\/pt\/wp-json\/wp\/v2\/users\/1"}],"replies":[{"embeddable":true,"href":"https:\/\/tvbrazilusa.com\/pt\/wp-json\/wp\/v2\/comments?post=42525"}],"version-history":[{"count":1,"href":"https:\/\/tvbrazilusa.com\/pt\/wp-json\/wp\/v2\/posts\/42525\/revisions"}],"predecessor-version":[{"id":42527,"href":"https:\/\/tvbrazilusa.com\/pt\/wp-json\/wp\/v2\/posts\/42525\/revisions\/42527"}],"wp:featuredmedia":[{"embeddable":true,"href":"https:\/\/tvbrazilusa.com\/pt\/wp-json\/wp\/v2\/media\/42526"}],"wp:attachment":[{"href":"https:\/\/tvbrazilusa.com\/pt\/wp-json\/wp\/v2\/media?parent=42525"}],"wp:term":[{"taxonomy":"category","embeddable":true,"href":"https:\/\/tvbrazilusa.com\/pt\/wp-json\/wp\/v2\/categories?post=42525"},{"taxonomy":"post_tag","embeddable":true,"href":"https:\/\/tvbrazilusa.com\/pt\/wp-json\/wp\/v2\/tags?post=42525"}],"curies":[{"name":"wp","href":"https:\/\/api.w.org\/{rel}","templated":true}]}}