{"id":42568,"date":"2024-09-28T00:12:40","date_gmt":"2024-09-28T00:12:40","guid":{"rendered":"https:\/\/tvbrazilusa.com\/2024\/09\/28\/mauro-vieira-se-reune-com-chanceler-russo-apos-nova-proposta-do-brasil-para-a-guerra-na-ucrania\/"},"modified":"2024-09-28T00:12:41","modified_gmt":"2024-09-28T00:12:41","slug":"mauro-vieira-se-reune-com-chanceler-russo-apos-nova-proposta-do-brasil-para-a-guerra-na-ucrania","status":"publish","type":"post","link":"https:\/\/tvbrazilusa.com\/pt\/2024\/09\/28\/mauro-vieira-se-reune-com-chanceler-russo-apos-nova-proposta-do-brasil-para-a-guerra-na-ucrania\/","title":{"rendered":"Mauro Vieira se Re\u00fane com Chanceler Russo Ap\u00f3s Nova Proposta do Brasil para a Guerra na Ucr\u00e2nia"},"content":{"rendered":"<p> <script async src=\"https:\/\/pagead2.googlesyndication.com\/pagead\/js\/adsbygoogle.js?client=ca-pub-8864793242727901\"\r\n     crossorigin=\"anonymous\"><\/script><br \/>\n<\/p>\n<div id=\"taboola-read-more\" style=\"display:block; width:100%\">\n<p>Em um desdobramento significativo nas rela\u00e7\u00f5es diplom\u00e1ticas, o Ministro das Rela\u00e7\u00f5es Exteriores do Brasil, Mauro Vieira, encontrou-se com o chanceler russo, Sergey Lavrov, horas ap\u00f3s o Brasil apresentar uma nova proposta para o conflito na Ucr\u00e2nia. O encontro, que ocorreu em Bras\u00edlia, sinaliza a busca do Brasil por um papel mais ativo nas discuss\u00f5es sobre a paz e a estabilidade na regi\u00e3o.\n<\/p>\n<p>A proposta brasileira, ainda em fase de detalhamento, visa promover um di\u00e1logo entre as partes envolvidas no conflito, incentivando uma solu\u00e7\u00e3o pac\u00edfica que respeite a soberania da Ucr\u00e2nia. Durante a reuni\u00e3o, Vieira enfatizou a import\u00e2ncia da media\u00e7\u00e3o internacional e o compromisso do Brasil com a diplomacia.<\/p>\n<p>O chanceler russo, por sua vez, destacou a disposi\u00e7\u00e3o da R\u00fassia para ouvir as sugest\u00f5es brasileiras, refletindo uma abertura ao di\u00e1logo em um momento cr\u00edtico. Observadores internacionais veem esse encontro como um passo importante para o fortalecimento das rela\u00e7\u00f5es entre Brasil e R\u00fassia, especialmente em meio a tens\u00f5es geopol\u00edticas.\n<\/p>\n<p>A comunidade internacional aguarda com expectativa o desdobramento dessas conversas, enquanto o Brasil se posiciona como um potencial mediador no conflito, buscando um caminho que leve \u00e0 paz duradoura na regi\u00e3o.\n<\/p>\n<\/div>\n<p><br \/>\n<br \/><a href=\"https:\/\/diariodobrasilnoticias.com.br\/noticia\/mauro-vieira-se-reune-com-chanceler-russo-apos-nova-proposta-do-brasil-para-a-guerra-na-ucrania-66f726372915e\">Source link <\/a><\/p>","protected":false},"excerpt":{"rendered":"<p>Em um desdobramento significativo nas rela\u00e7\u00f5es diplom\u00e1ticas, o Ministro das Rela\u00e7\u00f5es Exteriores do Brasil, Mauro Vieira, encontrou-se com o chanceler russo, Sergey Lavrov, horas ap\u00f3s o Brasil apresentar uma nova&hellip;<\/p>","protected":false},"author":1,"featured_media":42569,"comment_status":"closed","ping_status":"open","sticky":false,"template":"","format":"standard","meta":{"content-type":"","footnotes":""},"categories":[16],"tags":[123,2448,5313,1267],"class_list":["post-42568","post","type-post","status-publish","format-standard","has-post-thumbnail","hentry","category-noticias","tag-brasil","tag-diario","tag-noticia","tag-noticias"],"_links":{"self":[{"href":"https:\/\/tvbrazilusa.com\/pt\/wp-json\/wp\/v2\/posts\/42568","targetHints":{"allow":["GET"]}}],"collection":[{"href":"https:\/\/tvbrazilusa.com\/pt\/wp-json\/wp\/v2\/posts"}],"about":[{"href":"https:\/\/tvbrazilusa.com\/pt\/wp-json\/wp\/v2\/types\/post"}],"author":[{"embeddable":true,"href":"https:\/\/tvbrazilusa.com\/pt\/wp-json\/wp\/v2\/users\/1"}],"replies":[{"embeddable":true,"href":"https:\/\/tvbrazilusa.com\/pt\/wp-json\/wp\/v2\/comments?post=42568"}],"version-history":[{"count":1,"href":"https:\/\/tvbrazilusa.com\/pt\/wp-json\/wp\/v2\/posts\/42568\/revisions"}],"predecessor-version":[{"id":42570,"href":"https:\/\/tvbrazilusa.com\/pt\/wp-json\/wp\/v2\/posts\/42568\/revisions\/42570"}],"wp:featuredmedia":[{"embeddable":true,"href":"https:\/\/tvbrazilusa.com\/pt\/wp-json\/wp\/v2\/media\/42569"}],"wp:attachment":[{"href":"https:\/\/tvbrazilusa.com\/pt\/wp-json\/wp\/v2\/media?parent=42568"}],"wp:term":[{"taxonomy":"category","embeddable":true,"href":"https:\/\/tvbrazilusa.com\/pt\/wp-json\/wp\/v2\/categories?post=42568"},{"taxonomy":"post_tag","embeddable":true,"href":"https:\/\/tvbrazilusa.com\/pt\/wp-json\/wp\/v2\/tags?post=42568"}],"curies":[{"name":"wp","href":"https:\/\/api.w.org\/{rel}","templated":true}]}}