{"id":42571,"date":"2024-09-28T00:27:29","date_gmt":"2024-09-28T00:27:29","guid":{"rendered":"https:\/\/tvbrazilusa.com\/2024\/09\/28\/urgente-novo-exame-de-silveira-realizado-por-ordem-de-moraes-recomenda-novamente-a-progressao-penal\/"},"modified":"2024-09-28T00:27:31","modified_gmt":"2024-09-28T00:27:31","slug":"urgente-novo-exame-de-silveira-realizado-por-ordem-de-moraes-recomenda-novamente-a-progressao-penal","status":"publish","type":"post","link":"https:\/\/tvbrazilusa.com\/pt\/2024\/09\/28\/urgente-novo-exame-de-silveira-realizado-por-ordem-de-moraes-recomenda-novamente-a-progressao-penal\/","title":{"rendered":"URGENTE: Novo exame de Silveira, realizado por ordem de Moraes, recomenda novamente a progress\u00e3o penal"},"content":{"rendered":"<p> <script async src=\"https:\/\/pagead2.googlesyndication.com\/pagead\/js\/adsbygoogle.js?client=ca-pub-8864793242727901\"\r\n     crossorigin=\"anonymous\"><\/script><br \/>\n<\/p>\n<div id=\"taboola-read-more\" style=\"display:block; width:100%\">\n<p>Nesta sexta-feira, 27, o ministro Alexandre de Moraes, do Supremo Tribunal Federal (STF), recebeu o complemento do exame criminol\u00f3gico de Daniel Silveira feito por ordem do magistrado.\n<\/p>\n<p>No documento, a Secretaria de Administra\u00e7\u00e3o Penitenci\u00e1ria do Rio de Janeiro repetiu o que informara ao juiz do STF no primeiro laudo: o ex-deputado est\u00e1 apto a obter a progress\u00e3o de regime que vem solicitando h\u00e1 meses.<\/p>\n<p>\u201cA Comiss\u00e3o T\u00e9cnica de Classifica\u00e7\u00e3o no uso de suas atribui\u00e7\u00f5es legais, ap\u00f3s efetiva an\u00e1lise dos laudos emitidos pelos profissionais de psicologia, psiquiatria e servi\u00e7o social, assim, como da complementa\u00e7\u00e3o dos laudos consubstanciada nas respostas aos quesitos formulados pelo ministro manifesta-se favoravelmente \u00e0 progress\u00e3o de regime do examinado\u201d, informou a pasta, no documento obtido por Oeste.\n<\/p>\n<p>As cinco an\u00e1lises adicionais as quais Silveira precisou se submeter mostram que o ex-deputado tem plenas condi\u00e7\u00f5es de voltar \u00e0 sociedade. O ex-deputado respondeu a 10 novas perguntas determinadas por Moraes.\n<\/p>\n<p>Em um dos question\u00e1rios, Silveira disse \u201cter no\u00e7\u00e3o \u2018da gravidade do delito\u2019 e que reconhece a pr\u00f3pria responsabilidade, por\u00e9m afirma que, \u00e0 \u00e9poca dos fatos, n\u00e3o tinha consci\u00eancia de que seu comportamento poderia configurar delito desta gravidade e alega que seus comportamentos foram movidos por forte emo\u00e7\u00e3o e pelas particularidades daquele momento pol\u00edtico\u201d.\n<\/p>\n<p><strong>jornal floripa<\/strong> <\/p>\n<\/div>\n<p><br \/>\n<br \/><a href=\"https:\/\/diariodobrasilnoticias.com.br\/noticia\/urgente-novo-exame-de-silveira-realizado-por-ordem-de-moraes-recomenda-novamente-a-progressao-penal-66f728a581e61\">Source link <\/a><\/p>","protected":false},"excerpt":{"rendered":"<p>Nesta sexta-feira, 27, o ministro Alexandre de Moraes, do Supremo Tribunal Federal (STF), recebeu o complemento do exame criminol\u00f3gico de Daniel Silveira feito por ordem do magistrado. No documento, a&hellip;<\/p>","protected":false},"author":1,"featured_media":42572,"comment_status":"closed","ping_status":"open","sticky":false,"template":"","format":"standard","meta":{"content-type":"","footnotes":""},"categories":[16],"tags":[123,2448,5313,1267],"class_list":["post-42571","post","type-post","status-publish","format-standard","has-post-thumbnail","hentry","category-noticias","tag-brasil","tag-diario","tag-noticia","tag-noticias"],"_links":{"self":[{"href":"https:\/\/tvbrazilusa.com\/pt\/wp-json\/wp\/v2\/posts\/42571","targetHints":{"allow":["GET"]}}],"collection":[{"href":"https:\/\/tvbrazilusa.com\/pt\/wp-json\/wp\/v2\/posts"}],"about":[{"href":"https:\/\/tvbrazilusa.com\/pt\/wp-json\/wp\/v2\/types\/post"}],"author":[{"embeddable":true,"href":"https:\/\/tvbrazilusa.com\/pt\/wp-json\/wp\/v2\/users\/1"}],"replies":[{"embeddable":true,"href":"https:\/\/tvbrazilusa.com\/pt\/wp-json\/wp\/v2\/comments?post=42571"}],"version-history":[{"count":1,"href":"https:\/\/tvbrazilusa.com\/pt\/wp-json\/wp\/v2\/posts\/42571\/revisions"}],"predecessor-version":[{"id":42573,"href":"https:\/\/tvbrazilusa.com\/pt\/wp-json\/wp\/v2\/posts\/42571\/revisions\/42573"}],"wp:featuredmedia":[{"embeddable":true,"href":"https:\/\/tvbrazilusa.com\/pt\/wp-json\/wp\/v2\/media\/42572"}],"wp:attachment":[{"href":"https:\/\/tvbrazilusa.com\/pt\/wp-json\/wp\/v2\/media?parent=42571"}],"wp:term":[{"taxonomy":"category","embeddable":true,"href":"https:\/\/tvbrazilusa.com\/pt\/wp-json\/wp\/v2\/categories?post=42571"},{"taxonomy":"post_tag","embeddable":true,"href":"https:\/\/tvbrazilusa.com\/pt\/wp-json\/wp\/v2\/tags?post=42571"}],"curies":[{"name":"wp","href":"https:\/\/api.w.org\/{rel}","templated":true}]}}