{"id":42580,"date":"2024-09-28T01:06:54","date_gmt":"2024-09-28T01:06:54","guid":{"rendered":"https:\/\/tvbrazilusa.com\/2024\/09\/28\/nunes-marques-solicita-vista-e-suspende-o-julgamento-no-stf-que-pode-ampliar-o-foro-privilegiado-para-politicos\/"},"modified":"2024-09-28T01:06:56","modified_gmt":"2024-09-28T01:06:56","slug":"nunes-marques-solicita-vista-e-suspende-o-julgamento-no-stf-que-pode-ampliar-o-foro-privilegiado-para-politicos","status":"publish","type":"post","link":"https:\/\/tvbrazilusa.com\/pt\/2024\/09\/28\/nunes-marques-solicita-vista-e-suspende-o-julgamento-no-stf-que-pode-ampliar-o-foro-privilegiado-para-politicos\/","title":{"rendered":"Nunes Marques solicita vista e suspende o julgamento no STF que pode ampliar o foro privilegiado para pol\u00edticos"},"content":{"rendered":"<p> <script async src=\"https:\/\/pagead2.googlesyndication.com\/pagead\/js\/adsbygoogle.js?client=ca-pub-8864793242727901\"\r\n     crossorigin=\"anonymous\"><\/script><br \/>\n<\/p>\n<div data-block-type=\"unstyled\" data-block-weight=\"21\">\n<p>O voto de Gilmar foi seguido por Dias Toffoli, Cristiano Zanin, Fl\u00e1vio Dino, Alexandre de Moraes e Lu\u00eds Roberto Barroso.\n<\/p>\n<p>Ministros do Supremo consideram que a atual regra, com casos saindo do STF e indo para inst\u00e2ncias inferiores, permite a investigados usar recursos legais para arrastar os processos por anos.\n<\/p>\n<p>Essa demora, em muitos casos, leva \u00e0 prescri\u00e7\u00e3o \u2013 quando n\u00e3o h\u00e1 mais possibilidade de se aplicar uma puni\u00e7\u00e3o. Com a mudan\u00e7a, os ministros acreditam que as apura\u00e7\u00f5es ser\u00e3o conclu\u00eddas mais rapidamente.\n<\/p>\n<p>Os ministros Andr\u00e9 Mendon\u00e7a, Luiz Edson Fachin divergiram e defenderam manter a atual regra, portanto, entendem que o foro por prerrogativa de fun\u00e7\u00e3o termina quando a autoridade deixa o cargo.\n<\/p>\n<p>Para os ministros, o fim do exerc\u00edcio do cargo ou da fun\u00e7\u00e3o, esvazia a l\u00f3gica que justifica a prerrogativa excepcional do foro privilegiado.\n<\/p>\n<p><strong>G1<\/strong>\n<\/p>\n<\/div>\n<p><br \/>\n<br \/><a href=\"https:\/\/diariodobrasilnoticias.com.br\/noticia\/nunes-marques-solicita-vista-e-suspende-o-julgamento-no-stf-que-pode-ampliar-o-foro-privilegiado-para-politicos-66f722edbb154\">Source link <\/a><\/p>","protected":false},"excerpt":{"rendered":"<p>O voto de Gilmar foi seguido por Dias Toffoli, Cristiano Zanin, Fl\u00e1vio Dino, Alexandre de Moraes e Lu\u00eds Roberto Barroso. Ministros do Supremo consideram que a atual regra, com casos&hellip;<\/p>","protected":false},"author":1,"featured_media":42581,"comment_status":"closed","ping_status":"open","sticky":false,"template":"","format":"standard","meta":{"content-type":"","footnotes":""},"categories":[16],"tags":[123,2448,5313,1267],"class_list":["post-42580","post","type-post","status-publish","format-standard","has-post-thumbnail","hentry","category-noticias","tag-brasil","tag-diario","tag-noticia","tag-noticias"],"_links":{"self":[{"href":"https:\/\/tvbrazilusa.com\/pt\/wp-json\/wp\/v2\/posts\/42580","targetHints":{"allow":["GET"]}}],"collection":[{"href":"https:\/\/tvbrazilusa.com\/pt\/wp-json\/wp\/v2\/posts"}],"about":[{"href":"https:\/\/tvbrazilusa.com\/pt\/wp-json\/wp\/v2\/types\/post"}],"author":[{"embeddable":true,"href":"https:\/\/tvbrazilusa.com\/pt\/wp-json\/wp\/v2\/users\/1"}],"replies":[{"embeddable":true,"href":"https:\/\/tvbrazilusa.com\/pt\/wp-json\/wp\/v2\/comments?post=42580"}],"version-history":[{"count":1,"href":"https:\/\/tvbrazilusa.com\/pt\/wp-json\/wp\/v2\/posts\/42580\/revisions"}],"predecessor-version":[{"id":42582,"href":"https:\/\/tvbrazilusa.com\/pt\/wp-json\/wp\/v2\/posts\/42580\/revisions\/42582"}],"wp:featuredmedia":[{"embeddable":true,"href":"https:\/\/tvbrazilusa.com\/pt\/wp-json\/wp\/v2\/media\/42581"}],"wp:attachment":[{"href":"https:\/\/tvbrazilusa.com\/pt\/wp-json\/wp\/v2\/media?parent=42580"}],"wp:term":[{"taxonomy":"category","embeddable":true,"href":"https:\/\/tvbrazilusa.com\/pt\/wp-json\/wp\/v2\/categories?post=42580"},{"taxonomy":"post_tag","embeddable":true,"href":"https:\/\/tvbrazilusa.com\/pt\/wp-json\/wp\/v2\/tags?post=42580"}],"curies":[{"name":"wp","href":"https:\/\/api.w.org\/{rel}","templated":true}]}}