{"id":42583,"date":"2024-09-28T01:24:02","date_gmt":"2024-09-28T01:24:02","guid":{"rendered":"https:\/\/tvbrazilusa.com\/2024\/09\/28\/cadeirante-esfaqueia-policial-durante-uma-abordagem-veja-video\/"},"modified":"2024-09-28T01:24:03","modified_gmt":"2024-09-28T01:24:03","slug":"cadeirante-esfaqueia-policial-durante-uma-abordagem-veja-video","status":"publish","type":"post","link":"https:\/\/tvbrazilusa.com\/pt\/2024\/09\/28\/cadeirante-esfaqueia-policial-durante-uma-abordagem-veja-video\/","title":{"rendered":"Cadeirante esfaqueia policial durante uma abordagem; VEJA V\u00cdDEO"},"content":{"rendered":"<p> <script async src=\"https:\/\/pagead2.googlesyndication.com\/pagead\/js\/adsbygoogle.js?client=ca-pub-8864793242727901\"\r\n     crossorigin=\"anonymous\"><\/script><br \/>\n<\/p>\n<div id=\"taboola-read-more\" style=\"display:block; width:100%\">\n<p>Na manh\u00e3 de sexta-feira (27), um policial civil foi esfaqueado enquanto realizava uma abordagem na Rua Volunt\u00e1rios da P\u00e1tria, no Centro Hist\u00f3rico de Porto Alegre. O evento ocorreu por volta das 11h30min e foi registrado por c\u00e2meras de seguran\u00e7a locais, cujas imagens j\u00e1 circulam nas redes sociais.\n<\/p>\n<p>Nas filmagens, \u00e9 poss\u00edvel ver o agente, que estava \u00e0 paisana, revistando um suspeito quando um homem em uma cadeira de rodas se aproxima e o atinge pelas costas com uma faca. O oficial, acompanhado de outros colegas, estava em uma opera\u00e7\u00e3o de captura de foragidos.<\/p>\n<p>Segundo a Pol\u00edcia Civil, a equipe composta por cinco agentes do Departamento Estadual de Homic\u00eddios estava em uma a\u00e7\u00e3o para prender indiv\u00edduos procurados por homic\u00eddio. No momento da agress\u00e3o, os agentes abordavam dois homens quando um terceiro, que utilizava uma cadeira de rodas, desferiu o golpe contra o policial.\n<\/p>\n<h2 class=\"wp-block-heading\">Quem \u00e9 o Agressor?<\/h2>\n<p>\u00a0<\/p>\n<p>O agressor foi identificado como Luciano Nascimento dos Santos, de 31 anos. Ap\u00f3s o ataque, ele foi detido e ser\u00e1 autuado por tentativa de homic\u00eddio qualificado contra policial. A pol\u00edcia agora trabalha para entender a motiva\u00e7\u00e3o por tr\u00e1s do crime.\n<\/p>\n<h2 class=\"wp-block-heading\">Por que Luciano Nascimento dos Santos Atacou o Policial?<\/h2>\n<p>De acordo com o diretor do Departamento Estadual de Homic\u00eddios, M\u00e1rio Souza, a investiga\u00e7\u00e3o est\u00e1 focada em desvendar o contexto do ataque. At\u00e9 o momento, n\u00e3o se sabe claramente o porqu\u00ea da a\u00e7\u00e3o de Luciano. \u201cVamos apurar o contexto e como o ato se desenhou. N\u00e3o tem um tipo de circunst\u00e2ncia ali que tenha levado ele a fazer isso. Acreditamos que ele simplesmente tenha tentado tirar a vida do policial e n\u00e3o teve \u00eaxito,\u201d afirmou Souza. H\u00e1 tamb\u00e9m uma an\u00e1lise em curso para determinar o grau de necessidade que Luciano tem para usar a cadeira de rodas.\n<\/p>\n<p>\u00a0<\/p>\n<p>O policial civil ferido, que \u00e9 natural do Rio de Janeiro e n\u00e3o teve o nome divulgado, foi encaminhado ao Hospital de Pronto Socorro (HPS) para tratamento m\u00e9dico. Conforme as informa\u00e7\u00f5es at\u00e9 agora, ele n\u00e3o corre risco de morrer.\n<\/p>\n<\/p><\/div>\n<p><br \/>\n<br \/><a href=\"https:\/\/diariodobrasilnoticias.com.br\/noticia\/cadeirante-esfaqueia-policial-durante-uma-abordagem-veja-video-66f7437b9f82e\">Source link <\/a><\/p>","protected":false},"excerpt":{"rendered":"<p>Na manh\u00e3 de sexta-feira (27), um policial civil foi esfaqueado enquanto realizava uma abordagem na Rua Volunt\u00e1rios da P\u00e1tria, no Centro Hist\u00f3rico de Porto Alegre. O evento ocorreu por volta&hellip;<\/p>","protected":false},"author":1,"featured_media":42584,"comment_status":"closed","ping_status":"open","sticky":false,"template":"","format":"standard","meta":{"content-type":"","footnotes":""},"categories":[16],"tags":[123,2448,5313,1267],"class_list":["post-42583","post","type-post","status-publish","format-standard","has-post-thumbnail","hentry","category-noticias","tag-brasil","tag-diario","tag-noticia","tag-noticias"],"_links":{"self":[{"href":"https:\/\/tvbrazilusa.com\/pt\/wp-json\/wp\/v2\/posts\/42583","targetHints":{"allow":["GET"]}}],"collection":[{"href":"https:\/\/tvbrazilusa.com\/pt\/wp-json\/wp\/v2\/posts"}],"about":[{"href":"https:\/\/tvbrazilusa.com\/pt\/wp-json\/wp\/v2\/types\/post"}],"author":[{"embeddable":true,"href":"https:\/\/tvbrazilusa.com\/pt\/wp-json\/wp\/v2\/users\/1"}],"replies":[{"embeddable":true,"href":"https:\/\/tvbrazilusa.com\/pt\/wp-json\/wp\/v2\/comments?post=42583"}],"version-history":[{"count":1,"href":"https:\/\/tvbrazilusa.com\/pt\/wp-json\/wp\/v2\/posts\/42583\/revisions"}],"predecessor-version":[{"id":42585,"href":"https:\/\/tvbrazilusa.com\/pt\/wp-json\/wp\/v2\/posts\/42583\/revisions\/42585"}],"wp:featuredmedia":[{"embeddable":true,"href":"https:\/\/tvbrazilusa.com\/pt\/wp-json\/wp\/v2\/media\/42584"}],"wp:attachment":[{"href":"https:\/\/tvbrazilusa.com\/pt\/wp-json\/wp\/v2\/media?parent=42583"}],"wp:term":[{"taxonomy":"category","embeddable":true,"href":"https:\/\/tvbrazilusa.com\/pt\/wp-json\/wp\/v2\/categories?post=42583"},{"taxonomy":"post_tag","embeddable":true,"href":"https:\/\/tvbrazilusa.com\/pt\/wp-json\/wp\/v2\/tags?post=42583"}],"curies":[{"name":"wp","href":"https:\/\/api.w.org\/{rel}","templated":true}]}}