{"id":42586,"date":"2024-09-28T01:40:51","date_gmt":"2024-09-28T01:40:51","guid":{"rendered":"https:\/\/tvbrazilusa.com\/2024\/09\/28\/bomba-moraes-aplica-nova-multa-ao-x-de-10-milhoes-e-a-sua-ceo-de-300-mil\/"},"modified":"2024-09-28T01:40:52","modified_gmt":"2024-09-28T01:40:52","slug":"bomba-moraes-aplica-nova-multa-ao-x-de-10-milhoes-e-a-sua-ceo-de-300-mil","status":"publish","type":"post","link":"https:\/\/tvbrazilusa.com\/pt\/2024\/09\/28\/bomba-moraes-aplica-nova-multa-ao-x-de-10-milhoes-e-a-sua-ceo-de-300-mil\/","title":{"rendered":"Bomba: Moraes aplica nova multa ao X de 10 milh\u00f5es e a sua CEO de 300 mil"},"content":{"rendered":"<p> <script async src=\"https:\/\/pagead2.googlesyndication.com\/pagead\/js\/adsbygoogle.js?client=ca-pub-8864793242727901\"\r\n     crossorigin=\"anonymous\"><\/script><br \/>\n<\/p>\n<div id=\"taboola-read-more\" style=\"display:block; width:100%\">\n<p>O ministro Alexandre de Moraes, do STF (Supremo Tribunal Federal), determinou que o X (antigo Twitter) pague uma multa de R$ 10 milh\u00f5es, decorrente do descumprimento de uma ordem judicial de 18 de setembro, para poder voltar a funcionar no Brasil. A decis\u00e3o \u00e9 desta sexta-feira (27).\n<\/p>\n<p>Moraes tamb\u00e9m solicitou que a rede social informe se os valores bloqueados judicialmente na Starlink Brazil Servi\u00e7os de Internet Ltda ser\u00e3o utilizados para o pagamento final da multa aplicada. As contas da Starlink, empresa de internet via sat\u00e9lite de Elon Musk, est\u00e3o bloqueadas desde 13 de setembro para garantir o pagamento de multas aplicadas \u00e0 rede social.<\/p>\n<p class=\"dark:base-text-neutral-high-400 base-text-[calc(theme(fontSize.xs)_*_var(--font-size,_1))] base-font-normal base-font-primary base-text-neutral-low-500 base-text-left\"><span class=\"b-article-body__text\">Al\u00e9m disso, a empresa deve desistir dos recursos que haviam sido interpostos. \u201cO t\u00e9rmino da suspens\u00e3o do funcionamento da rede X em territ\u00f3rio nacional e, consequentemente, o retorno imediato de suas atividades dependem unicamente do cumprimento integral da legisla\u00e7\u00e3o brasileira e da absoluta observ\u00e2ncia \u00e0s decis\u00f5es do Poder Judici\u00e1rio, em respeito \u00e0 soberania nacional\u201d, disse Moraes na decis\u00e3o.<\/span>\n<\/p>\n<p class=\"dark:base-text-neutral-high-400 base-text-[calc(theme(fontSize.xs)_*_var(--font-size,_1))] base-font-normal base-font-primary base-text-neutral-low-500 base-text-left\">\u00a0\n<\/p>\n<p class=\"dark:base-text-neutral-high-400 base-text-[calc(theme(fontSize.xs)_*_var(--font-size,_1))] base-font-normal base-font-primary base-text-neutral-low-500 base-text-left\"><span class=\"b-article-body__text\">Na quinta-feira (26), o X tinha informado que havia cumprido todas as exig\u00eancias da Justi\u00e7a brasileira para poder voltar a funcionar no Brasil. At\u00e9 ent\u00e3o, a determina\u00e7\u00e3o era a indica\u00e7\u00e3o de um representante legal, o bloqueio de nove perfis de investigados e o pagamento de uma multa de R$ 18,3 milh\u00f5es. \u201cO X adotou todas as provid\u00eancias indicadas por Vossa Excel\u00eancia como necess\u00e1rias ao reestabelecimento do funcionamento da plataforma no Brasil\u201d, disseram os advogados.<\/span>\n<\/p>\n<p class=\"dark:base-text-neutral-high-400 base-text-[calc(theme(fontSize.xs)_*_var(--font-size,_1))] base-font-normal base-font-primary base-text-neutral-low-500 base-text-left\"><span class=\"b-article-body__text\">A rede social est\u00e1 bloqueada no Brasil desde 31 de agosto ap\u00f3s n\u00e3o cumprir a determina\u00e7\u00e3o de indicar um representante legal no Brasil, o que \u00e9 exigido para todas as empresas internacionais que atuam no pa\u00eds.<\/span>\n<\/p>\n<h3 class=\"dark:base-text-neutral-high-400 base-text-md base-font-semibold base-font-primary base-text-neutral-low-500\">Embate entre X e Moraes<\/h3>\n<p class=\"dark:base-text-neutral-high-400 base-text-[calc(theme(fontSize.xs)_*_var(--font-size,_1))] base-font-normal base-font-primary base-text-neutral-low-500 base-text-left\"><span class=\"b-article-body__text\">Em 13 de agosto, a conta oficial da equipe de assuntos governamentais globais da plataforma divulgou uma decis\u00e3o sigilosa do ministro Alexandre de Moraes, assinada em 8 de agosto. O documento ordenava o bloqueio de perfis populares, incluindo o do senador Marcos do Val.<\/span>\n<\/p>\n<p class=\"dark:base-text-neutral-high-400 base-text-[calc(theme(fontSize.xs)_*_var(--font-size,_1))] base-font-normal base-font-primary base-text-neutral-low-500 base-text-left\"><span class=\"b-article-body__text\">Moraes exigia a suspens\u00e3o dos acessos e monetiza\u00e7\u00f5es dos perfis em duas horas, sob pena de multa di\u00e1ria de R$ 50 mil. Do Val criticou a decis\u00e3o, chamando-a de inconstitucional e um abuso de autoridade, e afirmou que buscaria tribunais internacionais. A p\u00e1gina do senador e outros perfis mencionados permaneceram ativos.<\/span>\n<\/p>\n<p class=\"dark:base-text-neutral-high-400 base-text-[calc(theme(fontSize.xs)_*_var(--font-size,_1))] base-font-normal base-font-primary base-text-neutral-low-500 base-text-left\">\u00a0\n<\/p>\n<p class=\"dark:base-text-neutral-high-400 base-text-[calc(theme(fontSize.xs)_*_var(--font-size,_1))] base-font-normal base-font-primary base-text-neutral-low-500 base-text-left\"><span class=\"b-article-body__text\">Menos de uma semana depois, em 17 de agosto, o X anunciou que encerraria as opera\u00e7\u00f5es no Brasil, depois que Moraes amea\u00e7ou prender Rachel de Oliveira Villa Nova pelo descumprimento das decis\u00f5es. A plataforma divulgou, novamente, of\u00edcio sigiloso assinado pelo ministro e afirmou que a responsabilidade pela sa\u00edda da empresa do pa\u00eds era exclusivamente de Moraes.<\/span>\n<\/p>\n<p class=\"dark:base-text-neutral-high-400 base-text-[calc(theme(fontSize.xs)_*_var(--font-size,_1))] base-font-normal base-font-primary base-text-neutral-low-500 base-text-left\"><span class=\"b-article-body__text\">A rede social criticou a falta de resposta a recursos que teriam sido apresentados e a amea\u00e7a \u00e0 equipe, destacando que o servi\u00e7o continuaria dispon\u00edvel no Brasil \u00e0 \u00e9poca. Moraes justificou a amea\u00e7a de pris\u00e3o a Villa Nova devido \u00e0 m\u00e1-f\u00e9 da representante em evitar o cumprimento das ordens judiciais.<br \/><\/span>\n<\/p>\n<h3 class=\"dark:base-text-neutral-high-400 base-text-md base-font-semibold base-font-primary base-text-neutral-low-500\">Derrubada do X<\/h3>\n<p class=\"dark:base-text-neutral-high-400 base-text-[calc(theme(fontSize.xs)_*_var(--font-size,_1))] base-font-normal base-font-primary base-text-neutral-low-500 base-text-left\"><span class=\"b-article-body__text\">No dia 28 de agosto, o STF usou o perfil institucional no X para exigir que Elon Musk nomeasse um novo representante para a empresa no Brasil. O prazo estabelecido era de 24 horas, sob pena de retirar a rede social do ar. A ordem acabou n\u00e3o cumprida, e Moraes ordenou a derrubada da rede.<\/span>\n<\/p>\n<p class=\"dark:base-text-neutral-high-400 base-text-[calc(theme(fontSize.xs)_*_var(--font-size,_1))] base-font-normal base-font-primary base-text-neutral-low-500 base-text-left\">\u00a0\n<\/p>\n<p class=\"dark:base-text-neutral-high-400 base-text-[calc(theme(fontSize.xs)_*_var(--font-size,_1))] base-font-normal base-font-primary base-text-neutral-low-500 base-text-left\"><span class=\"b-article-body__text\">Ao mesmo tempo, o ministro determinou o bloqueio das contas financeiras da Starlink Holding, empresa de internet via sat\u00e9lite de Elon Musk, para garantir o pagamento de multas aplicadas \u00e0 rede social. A Starlink criticou a decis\u00e3o, alegando falta de devido processo legal.<\/span>\n<\/p>\n<p class=\"dark:base-text-neutral-high-400 base-text-[calc(theme(fontSize.xs)_*_var(--font-size,_1))] base-font-normal base-font-primary base-text-neutral-low-500 base-text-left\">\u00a0\n<\/p>\n<p class=\"dark:base-text-neutral-high-400 base-text-[calc(theme(fontSize.xs)_*_var(--font-size,_1))] base-font-normal base-font-primary base-text-neutral-low-500 base-text-left\"><span class=\"b-article-body__text\">Em 13 de setembro, Moraes solicitou a transfer\u00eancia para os cofres de Uni\u00e3o de R$ 18,3 milh\u00f5es bloqueados em contas do X e da Starlink para quitar as multas impostas em raz\u00e3o do descumprimento de decis\u00f5es judiciais pela rede social.<\/span>\n<\/p>\n<p class=\"dark:base-text-neutral-high-400 base-text-[calc(theme(fontSize.xs)_*_var(--font-size,_1))] base-font-normal base-font-primary base-text-neutral-low-500 base-text-left\"><strong><span class=\"b-article-body__text\">R7<\/span><\/strong> <\/p>\n<\/div>\n<p><br \/>\n<br \/><a href=\"https:\/\/diariodobrasilnoticias.com.br\/noticia\/bomba-moraes-aplica-nova-multa-ao-x-de-10-milhoes-e-a-sua-ceo-de-300-mil-66f737d0e40db\">Source link <\/a><\/p>","protected":false},"excerpt":{"rendered":"<p>O ministro Alexandre de Moraes, do STF (Supremo Tribunal Federal), determinou que o X (antigo Twitter) pague uma multa de R$ 10 milh\u00f5es, decorrente do descumprimento de uma ordem judicial&hellip;<\/p>","protected":false},"author":1,"featured_media":42587,"comment_status":"closed","ping_status":"open","sticky":false,"template":"","format":"standard","meta":{"content-type":"","footnotes":""},"categories":[16],"tags":[123,2448,5313,1267],"class_list":["post-42586","post","type-post","status-publish","format-standard","has-post-thumbnail","hentry","category-noticias","tag-brasil","tag-diario","tag-noticia","tag-noticias"],"_links":{"self":[{"href":"https:\/\/tvbrazilusa.com\/pt\/wp-json\/wp\/v2\/posts\/42586","targetHints":{"allow":["GET"]}}],"collection":[{"href":"https:\/\/tvbrazilusa.com\/pt\/wp-json\/wp\/v2\/posts"}],"about":[{"href":"https:\/\/tvbrazilusa.com\/pt\/wp-json\/wp\/v2\/types\/post"}],"author":[{"embeddable":true,"href":"https:\/\/tvbrazilusa.com\/pt\/wp-json\/wp\/v2\/users\/1"}],"replies":[{"embeddable":true,"href":"https:\/\/tvbrazilusa.com\/pt\/wp-json\/wp\/v2\/comments?post=42586"}],"version-history":[{"count":1,"href":"https:\/\/tvbrazilusa.com\/pt\/wp-json\/wp\/v2\/posts\/42586\/revisions"}],"predecessor-version":[{"id":42588,"href":"https:\/\/tvbrazilusa.com\/pt\/wp-json\/wp\/v2\/posts\/42586\/revisions\/42588"}],"wp:featuredmedia":[{"embeddable":true,"href":"https:\/\/tvbrazilusa.com\/pt\/wp-json\/wp\/v2\/media\/42587"}],"wp:attachment":[{"href":"https:\/\/tvbrazilusa.com\/pt\/wp-json\/wp\/v2\/media?parent=42586"}],"wp:term":[{"taxonomy":"category","embeddable":true,"href":"https:\/\/tvbrazilusa.com\/pt\/wp-json\/wp\/v2\/categories?post=42586"},{"taxonomy":"post_tag","embeddable":true,"href":"https:\/\/tvbrazilusa.com\/pt\/wp-json\/wp\/v2\/tags?post=42586"}],"curies":[{"name":"wp","href":"https:\/\/api.w.org\/{rel}","templated":true}]}}