{"id":42589,"date":"2024-09-28T01:59:15","date_gmt":"2024-09-28T01:59:15","guid":{"rendered":"https:\/\/tvbrazilusa.com\/2024\/09\/28\/ibama-aplica-multa-de-r-100-milhoes-a-fazendeiros-responsaveis-por-incendios-no-pantanal\/"},"modified":"2024-09-28T01:59:17","modified_gmt":"2024-09-28T01:59:17","slug":"ibama-aplica-multa-de-r-100-milhoes-a-fazendeiros-responsaveis-por-incendios-no-pantanal","status":"publish","type":"post","link":"https:\/\/tvbrazilusa.com\/pt\/2024\/09\/28\/ibama-aplica-multa-de-r-100-milhoes-a-fazendeiros-responsaveis-por-incendios-no-pantanal\/","title":{"rendered":"Ibama aplica multa de R$ 100 milh\u00f5es a fazendeiros respons\u00e1veis por inc\u00eandios no Pantanal"},"content":{"rendered":"<p> <script async src=\"https:\/\/pagead2.googlesyndication.com\/pagead\/js\/adsbygoogle.js?client=ca-pub-8864793242727901\"\r\n     crossorigin=\"anonymous\"><\/script><br \/>\n<\/p>\n<div>\n<figure class=\"post-image\">\n<\/figure>\n<p><span style=\"font-size: 12px\">TERRA<\/span><\/p>\n<div id=\"taboola-read-more\" style=\"display:block; width:100%\">\n<p dir=\"ltr\">O<strong dir=\"ltr\">\u00a0Instituto Brasileiro do Meio Ambiente e dos Recursos Naturais Renov\u00e1veis (Ibama)\u00a0<\/strong>aplicou duas multas no valor total de\u00a0<strong dir=\"ltr\">R$ 100 milh\u00f5es\u00a0<\/strong>aos donos de uma fazenda localizada em Corumb\u00e1, no Mato Grosso. O local foi foco de um enorme inc\u00eandio florestal, que\u00a0destruiu cerca de 333 mil hectares do Pantanal.\n<\/p>\n<p dir=\"ltr\">\u00a0<\/p>\n<p>A \u00e1rea atingida pelo fogo equivale a mais de duas vezes o territ\u00f3rio da cidade de S\u00e3o Paulo.\u00a0Esta \u00e9 a maior \u00e1rea j\u00e1 devastada por queimada provocada por uma \u00fanica propriedade este ano no Pantanal.\n<\/p>\n<p dir=\"ltr\">O inc\u00eandio come\u00e7ou em junho, no interior da propriedade, e outros\u00a0<strong dir=\"ltr\">135 im\u00f3veis<\/strong>\u00a0rurais tamb\u00e9m foram afetados pelas chamas.\u00a0O Centro Nacional de Preven\u00e7\u00e3o e Combate aos Inc\u00eandios Florestais (Prevfogo) do Ibama levou 110 dias para controlar o inc\u00eandio por causa das condi\u00e7\u00f5es clim\u00e1ticas.\u00a0\n<\/p>\n<p dir=\"ltr\">\u00a0\n<\/p>\n<p>Ap\u00f3s mais de 20 dias de investiga\u00e7\u00e3o, dois respons\u00e1veis foram identificados e multados por danificar vegata\u00e7\u00e3o nativa do bioma com o uso de fogo sem autoriza\u00e7\u00e3o de um \u00f3rg\u00e3o ambiental competente. De acordo com o governo federal, a \u00e1rea afetada foi embargada para regenera\u00e7\u00e3o.\n<\/p>\n<p>As chamas tamb\u00e9m tiveram impacto direto nos animais silvestres, al\u00e9m de terem contribu\u00eddo para o aumento da polui\u00e7\u00e3o do ar em v\u00e1rias cidades brasileiras.\u00a0\n<\/p>\n<p><strong>TERRA<\/strong> <\/p>\n<\/div>\n<div class=\"row mt-3\">\n<div class=\"col-sm-6\">\n<p><a href=\"https:\/\/chat.whatsapp.com\/GwURnmOyPiN1XheGYvCspN\" target=\"_blank\" rel=\"noopener\"><br \/>\n<img decoding=\"async\" src=\"https:\/\/diariodobrasilnoticias.com.br\/assets-site\/images\/bot_whatsapp.png\"\/><\/a>\n<\/div>\n<div class=\"col-sm-6\">\n<a href=\"https:\/\/t.me\/+_4gTmi5LKo03OTM5\" target=\"_blank\" rel=\"noopener\"><br \/>\n<img decoding=\"async\" src=\"https:\/\/diariodobrasilnoticias.com.br\/assets-site\/images\/bot_telegram.png\"\/><\/a>\n<\/div>\n<\/div>\n<\/div>\n<p><br \/>\n<br \/><a href=\"https:\/\/diariodobrasilnoticias.com.br\/noticia\/ibama-aplica-multa-de-r-100-milhoes-a-fazendeiros-responsaveis-por-incendios-no-pantanal-66f72afc618e0\">Source link <\/a><\/p>","protected":false},"excerpt":{"rendered":"<p>TERRA O\u00a0Instituto Brasileiro do Meio Ambiente e dos Recursos Naturais Renov\u00e1veis (Ibama)\u00a0aplicou duas multas no valor total de\u00a0R$ 100 milh\u00f5es\u00a0aos donos de uma fazenda localizada em Corumb\u00e1, no Mato Grosso.&hellip;<\/p>","protected":false},"author":1,"featured_media":42590,"comment_status":"closed","ping_status":"open","sticky":false,"template":"","format":"standard","meta":{"content-type":"","footnotes":""},"categories":[16],"tags":[123,2448,5313,1267],"class_list":["post-42589","post","type-post","status-publish","format-standard","has-post-thumbnail","hentry","category-noticias","tag-brasil","tag-diario","tag-noticia","tag-noticias"],"_links":{"self":[{"href":"https:\/\/tvbrazilusa.com\/pt\/wp-json\/wp\/v2\/posts\/42589","targetHints":{"allow":["GET"]}}],"collection":[{"href":"https:\/\/tvbrazilusa.com\/pt\/wp-json\/wp\/v2\/posts"}],"about":[{"href":"https:\/\/tvbrazilusa.com\/pt\/wp-json\/wp\/v2\/types\/post"}],"author":[{"embeddable":true,"href":"https:\/\/tvbrazilusa.com\/pt\/wp-json\/wp\/v2\/users\/1"}],"replies":[{"embeddable":true,"href":"https:\/\/tvbrazilusa.com\/pt\/wp-json\/wp\/v2\/comments?post=42589"}],"version-history":[{"count":1,"href":"https:\/\/tvbrazilusa.com\/pt\/wp-json\/wp\/v2\/posts\/42589\/revisions"}],"predecessor-version":[{"id":42591,"href":"https:\/\/tvbrazilusa.com\/pt\/wp-json\/wp\/v2\/posts\/42589\/revisions\/42591"}],"wp:featuredmedia":[{"embeddable":true,"href":"https:\/\/tvbrazilusa.com\/pt\/wp-json\/wp\/v2\/media\/42590"}],"wp:attachment":[{"href":"https:\/\/tvbrazilusa.com\/pt\/wp-json\/wp\/v2\/media?parent=42589"}],"wp:term":[{"taxonomy":"category","embeddable":true,"href":"https:\/\/tvbrazilusa.com\/pt\/wp-json\/wp\/v2\/categories?post=42589"},{"taxonomy":"post_tag","embeddable":true,"href":"https:\/\/tvbrazilusa.com\/pt\/wp-json\/wp\/v2\/tags?post=42589"}],"curies":[{"name":"wp","href":"https:\/\/api.w.org\/{rel}","templated":true}]}}