{"id":42630,"date":"2024-09-28T04:42:18","date_gmt":"2024-09-28T04:42:18","guid":{"rendered":"https:\/\/tvbrazilusa.com\/2024\/09\/28\/mais-de-50-dos-imigrantes-expulsos-de-portugal-sao-de-origem-brasileira\/"},"modified":"2024-09-28T04:42:18","modified_gmt":"2024-09-28T04:42:18","slug":"mais-de-50-dos-imigrantes-expulsos-de-portugal-sao-de-origem-brasileira","status":"publish","type":"post","link":"https:\/\/tvbrazilusa.com\/pt\/2024\/09\/28\/mais-de-50-dos-imigrantes-expulsos-de-portugal-sao-de-origem-brasileira\/","title":{"rendered":"Mais de 50% dos imigrantes expulsos de Portugal s\u00e3o de origem brasileira"},"content":{"rendered":"<p> <script async src=\"https:\/\/pagead2.googlesyndication.com\/pagead\/js\/adsbygoogle.js?client=ca-pub-8864793242727901\"\r\n     crossorigin=\"anonymous\"><\/script><br \/>\n<\/p>\n<div id=\"taboola-read-more\" style=\"display:block; width:100%\">\n<p>Dados da Ag\u00eancia para a Integra\u00e7\u00e3o, Migra\u00e7\u00f5es e Asilo (Aima) revelaram que, em 2023, Portugal expulsou de seu territ\u00f3rio 444 brasileiros. Eles receberam o impedimento de continuar no pa\u00eds devido a diferentes tipos de irregularidades.\n<\/p>\n<p>Os casos dividem-se entre aqueles que receberam ordens para abandono volunt\u00e1rio \u2014 uma notifica\u00e7\u00e3o que d\u00e1 prazo de 20 dias para deixar o pa\u00eds \u2014 e os que foram alvos de expuls\u00e3o administrativa. No primeiro exemplo, caso a pessoa n\u00e3o saia no per\u00edodo estipulado, ela recebe a expuls\u00e3o administrativa.<\/p>\n<h2>Estat\u00edsticas de notifica\u00e7\u00f5es de Portugal]<\/h2>\n<p>No ano passado, 345 brasileiros receberam notifica\u00e7\u00f5es definitivas para deixar Portugal. Isso representa 52,4% do total de 658 estrangeiros nessa situa\u00e7\u00e3o no pa\u00eds. Em segundo lugar, com 40 casos cada (6%), est\u00e3o cidad\u00e3os de Bangladesh, \u00cdndia, Marrocos e Nepal.\n<\/p>\n<p>Os dados mostram que o n\u00famero de notifica\u00e7\u00f5es para abandono volunt\u00e1rio est\u00e3o em constante queda em Portugal, nos \u00faltimos cinco anos. O ano de 2019 registrou 4.834 notifica\u00e7\u00f5es, seguido de 2.182 (2020), 1.152 (2021) e 1.088 (2022).\n<\/p>\n<p>No mesmo per\u00edodo, mais de 147 mil brasileiros receberam autoriza\u00e7\u00e3o de resid\u00eancia em Portugal. Assim, o Brasil tornou-se o pa\u00eds cuja nacionalidade tem o maior n\u00famero de pessoas em situa\u00e7\u00e3o regularizada no pa\u00eds. Ao todo, os brasileiros representam 35,5% de todos os imigrantes.\n<\/p>\n<p><strong>Revista Oeste\u00a0<\/strong><\/p>\n<figure><picture><source srcset=\"https:\/\/medias.revistaoeste.com\/wp-content\/uploads\/2024\/07\/passaporte-brasil.jpeg.webp 1170w, https:\/\/medias.revistaoeste.com\/wp-content\/uploads\/2024\/07\/passaporte-brasil-300x179.jpeg.webp 300w, https:\/\/medias.revistaoeste.com\/wp-content\/uploads\/2024\/07\/passaporte-brasil-150x90.jpeg.webp 150w\" type=\"image\/webp\" data-srcset=\"https:\/\/medias.revistaoeste.com\/wp-content\/uploads\/2024\/07\/passaporte-brasil.jpeg.webp 1170w, https:\/\/medias.revistaoeste.com\/wp-content\/uploads\/2024\/07\/passaporte-brasil-300x179.jpeg.webp 300w, https:\/\/medias.revistaoeste.com\/wp-content\/uploads\/2024\/07\/passaporte-brasil-150x90.jpeg.webp 150w\" data-sizes=\"(max-width: 1170px) 100vw, 1170px\"\/><\/picture><\/figure>\n<\/p>\n<\/div>\n<p><br \/>\n<br \/><a href=\"https:\/\/diariodobrasilnoticias.com.br\/noticia\/mais-de-50-dos-imigrantes-expulsos-de-portugal-sao-de-origem-brasileira-66f729ec8ef93\">Source link <\/a><\/p>","protected":false},"excerpt":{"rendered":"<p>Dados da Ag\u00eancia para a Integra\u00e7\u00e3o, Migra\u00e7\u00f5es e Asilo (Aima) revelaram que, em 2023, Portugal expulsou de seu territ\u00f3rio 444 brasileiros. Eles receberam o impedimento de continuar no pa\u00eds devido&hellip;<\/p>","protected":false},"author":1,"featured_media":42631,"comment_status":"closed","ping_status":"open","sticky":false,"template":"","format":"standard","meta":{"content-type":"","footnotes":""},"categories":[16],"tags":[123,2448,5313,1267],"class_list":["post-42630","post","type-post","status-publish","format-standard","has-post-thumbnail","hentry","category-noticias","tag-brasil","tag-diario","tag-noticia","tag-noticias"],"_links":{"self":[{"href":"https:\/\/tvbrazilusa.com\/pt\/wp-json\/wp\/v2\/posts\/42630","targetHints":{"allow":["GET"]}}],"collection":[{"href":"https:\/\/tvbrazilusa.com\/pt\/wp-json\/wp\/v2\/posts"}],"about":[{"href":"https:\/\/tvbrazilusa.com\/pt\/wp-json\/wp\/v2\/types\/post"}],"author":[{"embeddable":true,"href":"https:\/\/tvbrazilusa.com\/pt\/wp-json\/wp\/v2\/users\/1"}],"replies":[{"embeddable":true,"href":"https:\/\/tvbrazilusa.com\/pt\/wp-json\/wp\/v2\/comments?post=42630"}],"version-history":[{"count":1,"href":"https:\/\/tvbrazilusa.com\/pt\/wp-json\/wp\/v2\/posts\/42630\/revisions"}],"predecessor-version":[{"id":42632,"href":"https:\/\/tvbrazilusa.com\/pt\/wp-json\/wp\/v2\/posts\/42630\/revisions\/42632"}],"wp:featuredmedia":[{"embeddable":true,"href":"https:\/\/tvbrazilusa.com\/pt\/wp-json\/wp\/v2\/media\/42631"}],"wp:attachment":[{"href":"https:\/\/tvbrazilusa.com\/pt\/wp-json\/wp\/v2\/media?parent=42630"}],"wp:term":[{"taxonomy":"category","embeddable":true,"href":"https:\/\/tvbrazilusa.com\/pt\/wp-json\/wp\/v2\/categories?post=42630"},{"taxonomy":"post_tag","embeddable":true,"href":"https:\/\/tvbrazilusa.com\/pt\/wp-json\/wp\/v2\/tags?post=42630"}],"curies":[{"name":"wp","href":"https:\/\/api.w.org\/{rel}","templated":true}]}}