{"id":42640,"date":"2024-09-28T05:05:00","date_gmt":"2024-09-28T05:05:00","guid":{"rendered":"https:\/\/tvbrazilusa.com\/2024\/09\/28\/moraes-nega-restabelecimento-do-x-no-brasil-e-cobra-pagamento-de-multas-paulo-figueiredo\/"},"modified":"2024-09-28T05:15:44","modified_gmt":"2024-09-28T05:15:44","slug":"moraes-nega-restabelecimento-do-x-no-brasil-e-cobra-pagamento-de-multas-paulo-figueiredo","status":"publish","type":"post","link":"https:\/\/tvbrazilusa.com\/pt\/2024\/09\/28\/moraes-nega-restabelecimento-do-x-no-brasil-e-cobra-pagamento-de-multas-paulo-figueiredo\/","title":{"rendered":"Moraes nega restabelecimento do X no Brasil e cobra pagamento de multas &#8211; Paulo Figueiredo"},"content":{"rendered":"<p> <script async src=\"https:\/\/pagead2.googlesyndication.com\/pagead\/js\/adsbygoogle.js?client=ca-pub-8864793242727901\"\r\n     crossorigin=\"anonymous\"><\/script><br \/>\n<\/p>\n<div id=\"wtr-content\" data-bg=\"#FFFFFF\" data-fg=\"#006d91\" data-width=\"25\" data-mute=\"1\" data-fgopacity=\"1.00\" data-mutedopacity=\"0.5\" data-placement=\"bottom\" data-placement-offset=\"0\" data-content-offset=\"262\" data-placement-touch=\"bottom\" data-placement-offset-touch=\"0\" data-transparent=\"\" data-shadow=\"0\" data-touch=\"1\" data-non-touch=\"1\" data-comments=\"0\" data-commentsbg=\"transparent\" data-location=\"page\" data-mutedfg=\"#006d91\" data-endfg=\"#006d91\" data-rtl=\"\">\n<h3 class=\"wp-block-heading\">Rede social est\u00e1 nas etapas finais para voltar a funcionar no Brasil<\/h3>\n<p>Nesta sexta-feira, 27, o ministro Alexandre de Moraes, do\u00a0<strong>Supremo Tribunal Federal<\/strong>\u00a0(STF), manteve o Twitter\/X bloqueado no Brasil, mas estabeleceu algumas condi\u00e7\u00f5es para a volta dos servi\u00e7os da plataforma.<\/p>\n<p>A rede social est\u00e1 suspensa desde o fim de agosto, em virtude de descumprimentos de ordens judiciais. Depois de desentendimentos com Moraes, o dono do X, Elon Musk, recuou e decidiu acatar a determina\u00e7\u00f5es do magistrado. Por isso, solicitou ao ministro a volta da rede em territ\u00f3rio nacional.<\/p>\n<p>Em um despacho publicado h\u00e1 pouco, Moraes mandou Musk informar, \u201ccom a anu\u00eancia da Starkink\u201d, se os recursos bloqueados da companhia de sat\u00e9lites ser\u00e3o usados para pagar a multa da\u00a0<em>big tech\u00a0<\/em>determinada pelo juiz do STF.<\/p>\n<p>Al\u00e9m disso, Moraes determinou o pagamento da multa de R$ 10 milh\u00f5es, que ocorreu pelo X n\u00e3o suspender perfis a pedido do STF. Por fim, Moraes mandou a nova representante da\u00a0<em>big tech<\/em>\u00a0no\u00a0<strong>Brasil<\/strong>, Rachel de Oliveira Villa Nova Concei\u00e7\u00e3o, pagar outra multa no valor de R$ 300 mil.<\/p>\n<p>\u201cO t\u00e9rmino da suspens\u00e3o do funcionamento da rede X em territ\u00f3rio nacional e, consequentemente, o retorno imediato de suas atividades dependem unicamente do cumprimento integral da legisla\u00e7\u00e3o brasileira e da absoluta observ\u00e2ncia \u00e0s decis\u00f5es do Poder Judici\u00e1rio, em respeito \u00e0 soberania nacional\u201d, escreveu Moraes na decis\u00e3o de hoje.<\/p>\n<h3 class=\"wp-block-heading\">Ordens de Alexandre de Moraes ao X<\/h3>\n<p>Informar, com a anu\u00eancia da Starlink Brazil Servi\u00e7os de Internet Ltda, se os valores bloqueados judicialmente ser\u00e3o utilizados para o pagamento final da multa aplicada, e, consequentemente, desistir dos recursos que haviam sido interpostos.<\/p>\n<ul class=\"wp-block-list\">\n<li>Efetuar o pagamento imediato de uma multa no valor de R$ 10 milh\u00f5es, decorrente do descumprimento de uma ordem judicial datada de 18 de setembro de 2024, com atraso nos dias 19 e 23 de setembro;<\/li>\n<li>Al\u00e9m disso, a representante legal da empresa, Rachel de Oliveira Villa, foi intimada a realizar o pagamento imediato de uma multa adicional de R$ 300 mil.<\/li>\n<\/ul>\n<p><strong><a href=\"https:\/\/revistaoeste.com\/politica\/moraes-nega-restabelecimento-do-twitter-x-e-cobra-pagamento-de-multas\/\">Source link<\/a><\/strong><\/p>\n<\/div>\n<p><br \/>\n<br \/><a href=\"https:\/\/paulofigueiredoshow.com\/moraes-nega-restabelecimento-do-x-no-brasil-e-cobra-pagamento-de-multas\/\">Source link <\/a><\/p>","protected":false},"excerpt":{"rendered":"<p>Rede social est\u00e1 nas etapas finais para voltar a funcionar no Brasil Nesta sexta-feira, 27, o ministro Alexandre de Moraes, do\u00a0Supremo Tribunal Federal\u00a0(STF), manteve o Twitter\/X bloqueado no Brasil, mas&hellip;<\/p>","protected":false},"author":1,"featured_media":31661,"comment_status":"closed","ping_status":"open","sticky":false,"template":"","format":"standard","meta":{"content-type":"","footnotes":""},"categories":[16],"tags":[23353,425,1838,871,4188],"class_list":["post-42640","post","type-post","status-publish","format-standard","has-post-thumbnail","hentry","category-noticias","tag-10-milhoes","tag-moraes","tag-multa","tag-stf","tag-x"],"_links":{"self":[{"href":"https:\/\/tvbrazilusa.com\/pt\/wp-json\/wp\/v2\/posts\/42640","targetHints":{"allow":["GET"]}}],"collection":[{"href":"https:\/\/tvbrazilusa.com\/pt\/wp-json\/wp\/v2\/posts"}],"about":[{"href":"https:\/\/tvbrazilusa.com\/pt\/wp-json\/wp\/v2\/types\/post"}],"author":[{"embeddable":true,"href":"https:\/\/tvbrazilusa.com\/pt\/wp-json\/wp\/v2\/users\/1"}],"replies":[{"embeddable":true,"href":"https:\/\/tvbrazilusa.com\/pt\/wp-json\/wp\/v2\/comments?post=42640"}],"version-history":[{"count":1,"href":"https:\/\/tvbrazilusa.com\/pt\/wp-json\/wp\/v2\/posts\/42640\/revisions"}],"predecessor-version":[{"id":42641,"href":"https:\/\/tvbrazilusa.com\/pt\/wp-json\/wp\/v2\/posts\/42640\/revisions\/42641"}],"wp:featuredmedia":[{"embeddable":true,"href":"https:\/\/tvbrazilusa.com\/pt\/wp-json\/wp\/v2\/media\/31661"}],"wp:attachment":[{"href":"https:\/\/tvbrazilusa.com\/pt\/wp-json\/wp\/v2\/media?parent=42640"}],"wp:term":[{"taxonomy":"category","embeddable":true,"href":"https:\/\/tvbrazilusa.com\/pt\/wp-json\/wp\/v2\/categories?post=42640"},{"taxonomy":"post_tag","embeddable":true,"href":"https:\/\/tvbrazilusa.com\/pt\/wp-json\/wp\/v2\/tags?post=42640"}],"curies":[{"name":"wp","href":"https:\/\/api.w.org\/{rel}","templated":true}]}}