{"id":42647,"date":"2024-09-28T05:32:32","date_gmt":"2024-09-28T05:32:32","guid":{"rendered":"https:\/\/tvbrazilusa.com\/2024\/09\/28\/piloto-faz-videochamada-apos-ser-resgatado-de-destrocos-de-aviao-que-caiu-veja-video\/"},"modified":"2024-09-28T05:32:33","modified_gmt":"2024-09-28T05:32:33","slug":"piloto-faz-videochamada-apos-ser-resgatado-de-destrocos-de-aviao-que-caiu-veja-video","status":"publish","type":"post","link":"https:\/\/tvbrazilusa.com\/pt\/2024\/09\/28\/piloto-faz-videochamada-apos-ser-resgatado-de-destrocos-de-aviao-que-caiu-veja-video\/","title":{"rendered":"Piloto faz videochamada ap\u00f3s ser resgatado de destro\u00e7os de avi\u00e3o que caiu; VEJA V\u00cdDEO"},"content":{"rendered":"<p> <script async src=\"https:\/\/pagead2.googlesyndication.com\/pagead\/js\/adsbygoogle.js?client=ca-pub-8864793242727901\"\r\n     crossorigin=\"anonymous\"><\/script><br \/>\n<\/p>\n<div data-block-type=\"unstyled\" data-block-weight=\"68\">\n<p class=\"content-text__container\" data-track-category=\"Link no Texto\" data-track-links=\"data-track-links\">De acordo com informa\u00e7\u00f5es do Corpo de Bombeiros, a aeronave, que pertencia a uma imobili\u00e1ria, decolou do Aeroporto Marechal Rondon, em V\u00e1rzea Grande, por volta das 17h07, mas sofreu uma pane no motor apenas 13 minutos depois da decolagem. O piloto tentou um pouso de emerg\u00eancia no Aeroporto Bom Futuro, mas n\u00e3o conseguiu. O avi\u00e3o acabou caindo em uma \u00e1rea de vegeta\u00e7\u00e3o pr\u00f3xima ao assentamento 21 de Abril.\n<\/p>\n<p class=\"content-text__container\" data-track-category=\"Link no Texto\" data-track-links=\"data-track-links\">\u00a0\n<\/p>\n<p class=\"content-text__container\" data-track-category=\"Link no Texto\" data-track-links=\"data-track-links\">\u00a0\n<\/p>\n<p class=\"content-text__container\" data-track-category=\"Link no Texto\" data-track-links=\"data-track-links\">\u00a0\n<\/p>\n<p class=\"content-text__container\" data-track-category=\"Link no Texto\" data-track-links=\"data-track-links\">\u00a0\n<\/p>\n<p class=\"content-text__container\" data-track-category=\"Link no Texto\" data-track-links=\"data-track-links\">\u00a0\n<\/p>\n<div class=\"mc-column content-text active-extra-styles\" data-block-type=\"unstyled\" data-block-weight=\"45\">\n<p class=\"content-text__container\" data-track-category=\"Link no Texto\" data-track-links=\"data-track-links\">Evandro Bevilacqua, que ficou preso nas ferragens, foi o \u00faltimo a ser resgatado, mas j\u00e1 estava consciente e sem ferimentos graves. Minutos depois de ser retirado dos destro\u00e7os, ele fez uma chamada de v\u00eddeo com amigos para relatar o acidente, mostrando estar calmo e aliviado.\n<\/p>\n<p class=\"content-text__container\" data-track-category=\"Link no Texto\" data-track-links=\"data-track-links\">\u00a0\n<\/p>\n<\/div>\n<div class=\"mc-column content-text active-extra-styles\" data-block-type=\"unstyled\" data-block-weight=\"29\">\n<p class=\"content-text__container\" data-track-category=\"Link no Texto\" data-track-links=\"data-track-links\">\u201cFoi uma falha no motor. Tentei manter o controle da aeronave, mas o pouso acabou sendo for\u00e7ado. Gra\u00e7as a Deus, estamos todos bem\u201d, relatou o piloto durante a videochamada.\n<\/p>\n<p class=\"content-text__container\" data-track-category=\"Link no Texto\" data-track-links=\"data-track-links\">\u00a0\n<\/p>\n<div class=\"mc-column content-text active-extra-styles\" data-block-type=\"unstyled\" data-block-weight=\"24\">\n<p class=\"content-text__container\" data-track-category=\"Link no Texto\" data-track-links=\"data-track-links\">Entre os passageiros estavam o filho do empres\u00e1rio, Marco Ant\u00f4nio Cosentino Brunetta e Isabela Cosentino, corretora de im\u00f3veis de luxo e sobrinha do empres\u00e1rio.\n<\/p>\n<p class=\"content-text__container\" data-track-category=\"Link no Texto\" data-track-links=\"data-track-links\">\u00a0\n<\/p>\n<\/div>\n<div data-track-category=\"multicontent\" data-track-action=\"ultimo chunk conteudo\" data-track-noninteraction=\"false\" data-track-scroll=\"view\">\n<div class=\"mc-column content-text active-extra-styles\" data-block-type=\"unstyled\" data-block-weight=\"20\">\n<p class=\"content-text__container\" data-track-category=\"Link no Texto\" data-track-links=\"data-track-links\">Todos os ocupantes conseguiram sair da aeronave e pedir ajuda antes de a pol\u00edcia e os bombeiros chegarem ao local.\n<\/p>\n<p class=\"content-text__container\" data-track-category=\"Link no Texto\" data-track-links=\"data-track-links\"><strong>O Globo\u00a0<\/strong>\n<\/p>\n<\/div>\n<\/div>\n<\/div>\n<\/div>\n<p><br \/>\n<br \/><a href=\"https:\/\/diariodobrasilnoticias.com.br\/noticia\/piloto-faz-videochamada-apos-ser-resgatado-de-destrocos-de-aviao-que-caiu-veja-video-66f7454545fa0\">Source link <\/a><\/p>","protected":false},"excerpt":{"rendered":"<p>De acordo com informa\u00e7\u00f5es do Corpo de Bombeiros, a aeronave, que pertencia a uma imobili\u00e1ria, decolou do Aeroporto Marechal Rondon, em V\u00e1rzea Grande, por volta das 17h07, mas sofreu uma&hellip;<\/p>","protected":false},"author":1,"featured_media":42648,"comment_status":"closed","ping_status":"open","sticky":false,"template":"","format":"standard","meta":{"content-type":"","footnotes":""},"categories":[16],"tags":[123,2448,5313,1267],"class_list":["post-42647","post","type-post","status-publish","format-standard","has-post-thumbnail","hentry","category-noticias","tag-brasil","tag-diario","tag-noticia","tag-noticias"],"_links":{"self":[{"href":"https:\/\/tvbrazilusa.com\/pt\/wp-json\/wp\/v2\/posts\/42647","targetHints":{"allow":["GET"]}}],"collection":[{"href":"https:\/\/tvbrazilusa.com\/pt\/wp-json\/wp\/v2\/posts"}],"about":[{"href":"https:\/\/tvbrazilusa.com\/pt\/wp-json\/wp\/v2\/types\/post"}],"author":[{"embeddable":true,"href":"https:\/\/tvbrazilusa.com\/pt\/wp-json\/wp\/v2\/users\/1"}],"replies":[{"embeddable":true,"href":"https:\/\/tvbrazilusa.com\/pt\/wp-json\/wp\/v2\/comments?post=42647"}],"version-history":[{"count":1,"href":"https:\/\/tvbrazilusa.com\/pt\/wp-json\/wp\/v2\/posts\/42647\/revisions"}],"predecessor-version":[{"id":42649,"href":"https:\/\/tvbrazilusa.com\/pt\/wp-json\/wp\/v2\/posts\/42647\/revisions\/42649"}],"wp:featuredmedia":[{"embeddable":true,"href":"https:\/\/tvbrazilusa.com\/pt\/wp-json\/wp\/v2\/media\/42648"}],"wp:attachment":[{"href":"https:\/\/tvbrazilusa.com\/pt\/wp-json\/wp\/v2\/media?parent=42647"}],"wp:term":[{"taxonomy":"category","embeddable":true,"href":"https:\/\/tvbrazilusa.com\/pt\/wp-json\/wp\/v2\/categories?post=42647"},{"taxonomy":"post_tag","embeddable":true,"href":"https:\/\/tvbrazilusa.com\/pt\/wp-json\/wp\/v2\/tags?post=42647"}],"curies":[{"name":"wp","href":"https:\/\/api.w.org\/{rel}","templated":true}]}}