{"id":42699,"date":"2024-09-28T11:21:18","date_gmt":"2024-09-28T11:21:18","guid":{"rendered":"https:\/\/tvbrazilusa.com\/2024\/09\/28\/em-discurso-na-onu-netanyahu-compara-o-grupo-terrorista-hamas-ao-nazismo\/"},"modified":"2024-09-28T11:21:20","modified_gmt":"2024-09-28T11:21:20","slug":"em-discurso-na-onu-netanyahu-compara-o-grupo-terrorista-hamas-ao-nazismo","status":"publish","type":"post","link":"https:\/\/tvbrazilusa.com\/pt\/2024\/09\/28\/em-discurso-na-onu-netanyahu-compara-o-grupo-terrorista-hamas-ao-nazismo\/","title":{"rendered":"Em discurso na ONU, Netanyahu compara o grupo terrorista Hamas ao nazismo"},"content":{"rendered":"<p> <script async src=\"https:\/\/pagead2.googlesyndication.com\/pagead\/js\/adsbygoogle.js?client=ca-pub-8864793242727901\"\r\n     crossorigin=\"anonymous\"><\/script><br \/>\n<\/p>\n<div id=\"taboola-read-more\" style=\"display:block; width:100%\">\n<p>O primeiro-ministro de Israel, Benjamin Netanyahu, comparou o grupo terrorista Hamas \u00e0 Alemanha nazista, durante seu discurso na Assembleia Geral da ONU nesta sexta-feira (27).\n<\/p>\n<p>\u201cImaginem uma situa\u00e7\u00e3o de p\u00f3s-guerra. Na Segunda Guerra Mundial, vamos imaginar que os nazistas pudessem reconstruir a Alemanha. N\u00e3o \u00e9 poss\u00edvel. Isso n\u00e3o aconteceu naquela ocasi\u00e3o e n\u00e3o pode acontecer agora\u201d, afirmou o l\u00edder.<\/p>\n<p>Netanyahu ainda explicou que esse \u00e9 o motivo pelo qual Israel rejeita qualquer apoio ao grupo terrorista ap\u00f3s a guerra. \u201cN\u00e3o queremos recolonizar Gaza; queremos uma Gaza desmilitarizada e desradicalizada. S\u00f3 dessa forma poderemos assegurar que essa rodada de luta ser\u00e1 a \u00faltima.\u201d\n<\/p>\n<p>Fonte: R7 <\/p>\n<\/div>\n<p><br \/>\n<br \/><a href=\"https:\/\/diariodobrasilnoticias.com.br\/noticia\/em-discurso-na-onu-netanyahu-compara-o-grupo-terrorista-hamas-ao-nazismo-66f7e15274c8a\">Source link <\/a><\/p>","protected":false},"excerpt":{"rendered":"<p>O primeiro-ministro de Israel, Benjamin Netanyahu, comparou o grupo terrorista Hamas \u00e0 Alemanha nazista, durante seu discurso na Assembleia Geral da ONU nesta sexta-feira (27). \u201cImaginem uma situa\u00e7\u00e3o de p\u00f3s-guerra.&hellip;<\/p>","protected":false},"author":1,"featured_media":42700,"comment_status":"closed","ping_status":"open","sticky":false,"template":"","format":"standard","meta":{"content-type":"","footnotes":""},"categories":[16],"tags":[123,2448,5313,1267],"class_list":["post-42699","post","type-post","status-publish","format-standard","has-post-thumbnail","hentry","category-noticias","tag-brasil","tag-diario","tag-noticia","tag-noticias"],"_links":{"self":[{"href":"https:\/\/tvbrazilusa.com\/pt\/wp-json\/wp\/v2\/posts\/42699","targetHints":{"allow":["GET"]}}],"collection":[{"href":"https:\/\/tvbrazilusa.com\/pt\/wp-json\/wp\/v2\/posts"}],"about":[{"href":"https:\/\/tvbrazilusa.com\/pt\/wp-json\/wp\/v2\/types\/post"}],"author":[{"embeddable":true,"href":"https:\/\/tvbrazilusa.com\/pt\/wp-json\/wp\/v2\/users\/1"}],"replies":[{"embeddable":true,"href":"https:\/\/tvbrazilusa.com\/pt\/wp-json\/wp\/v2\/comments?post=42699"}],"version-history":[{"count":1,"href":"https:\/\/tvbrazilusa.com\/pt\/wp-json\/wp\/v2\/posts\/42699\/revisions"}],"predecessor-version":[{"id":42701,"href":"https:\/\/tvbrazilusa.com\/pt\/wp-json\/wp\/v2\/posts\/42699\/revisions\/42701"}],"wp:featuredmedia":[{"embeddable":true,"href":"https:\/\/tvbrazilusa.com\/pt\/wp-json\/wp\/v2\/media\/42700"}],"wp:attachment":[{"href":"https:\/\/tvbrazilusa.com\/pt\/wp-json\/wp\/v2\/media?parent=42699"}],"wp:term":[{"taxonomy":"category","embeddable":true,"href":"https:\/\/tvbrazilusa.com\/pt\/wp-json\/wp\/v2\/categories?post=42699"},{"taxonomy":"post_tag","embeddable":true,"href":"https:\/\/tvbrazilusa.com\/pt\/wp-json\/wp\/v2\/tags?post=42699"}],"curies":[{"name":"wp","href":"https:\/\/api.w.org\/{rel}","templated":true}]}}