{"id":42702,"date":"2024-09-28T11:39:17","date_gmt":"2024-09-28T11:39:17","guid":{"rendered":"https:\/\/tvbrazilusa.com\/2024\/09\/28\/estranho-desemprego-diminui-mas-seguro-desemprego-aumenta-em-mais-de-20\/"},"modified":"2024-09-28T11:39:21","modified_gmt":"2024-09-28T11:39:21","slug":"estranho-desemprego-diminui-mas-seguro-desemprego-aumenta-em-mais-de-20","status":"publish","type":"post","link":"https:\/\/tvbrazilusa.com\/pt\/2024\/09\/28\/estranho-desemprego-diminui-mas-seguro-desemprego-aumenta-em-mais-de-20\/","title":{"rendered":"Estranho: desemprego diminui mas seguro-desemprego aumenta em mais de 20%"},"content":{"rendered":"<p> <script async src=\"https:\/\/pagead2.googlesyndication.com\/pagead\/js\/adsbygoogle.js?client=ca-pub-8864793242727901\"\r\n     crossorigin=\"anonymous\"><\/script><br \/>\n<\/p>\n<div id=\"taboola-read-more\" style=\"display:block; width:100%\">\n<p>A despesa acumulada em 12 meses com o seguro-desemprego passou de R$ 37,4 bilh\u00f5es em janeiro de 2022 para R$ 45,4 bilh\u00f5es em agosto de 2024, em valores corrigidos pelo IPCA.\n<\/p>\n<p>O aumento de 21% ocorre no momento em que o desemprego est\u00e1 em baixa. A taxa de desocupa\u00e7\u00e3o passou de 11,2% no in\u00edcio de 2022 para 6,6% em agosto de 2024, o menor dado para o m\u00eas da s\u00e9rie hist\u00f3rica.<\/p>\n<\/p>\n<p>Especialistas destacam ao menos 2 raz\u00f5es para isso:\n<\/p>\n<p>Valoriza\u00e7\u00e3o do sal\u00e1rio m\u00ednimo \u2013 a partir do in\u00edcio de 2024, os reajustes anuais do sal\u00e1rio m\u00ednimo passaram a considerar na conta a taxa de crescimento do PIB de dois anos antes. Como o c\u00e1lculo do seguro-desemprego \u00e9 atrelado ao valor do m\u00ednimo, o montante pago em cada parcela tamb\u00e9m subiu;\n<\/p>\n<p>Rotatividade \u2013 com a economia crescendo e o mercado de trabalho aquecido, tamb\u00e9m aumenta a rotatividade de trabalhadores, que podem deixar o emprego para procurar outras possibilidades.\n<\/p>\n<p>Al\u00e9m disso, \u00e9 preciso considerar que, embora a taxa de desemprego tenha se reduzido significativamente, o n\u00famero de segurados pelo benef\u00edcio n\u00e3o necessariamente diminuiu.\n<\/p>\n<p>Por exemplo, em janeiro de 2022, eram 470 mil segurados recebendo. J\u00e1 em agosto de 2024, s\u00e3o 504 mil. O aumento se explica pelo fato de que mais gente entrou na for\u00e7a de trabalho nos \u00faltimos anos.\n<\/p>\n<p>Embora a propor\u00e7\u00e3o de pessoas desempregadas esteja se reduzindo, o n\u00famero absoluto n\u00e3o acompanha necessariamente o movimento.\n<\/p>\n<p>O economista Bruno Imaizumi, da consultoria LCA, diz que o aumento dos gastos \u00e9 resultado de uma pol\u00edtica de seguro-desemprego pr\u00f3-c\u00edclica. \u201cO desenho da pol\u00edtica de desemprego que temos no Brasil n\u00e3o \u00e9 parecido com o de pa\u00edses avan\u00e7ados. Em momentos de economia aquecida, esses pedidos acabam avan\u00e7ando. Temos rotatividade muito elevada. Quem recebe pouco, 1 sal\u00e1rio m\u00ednimo, sai para o mercado informal, vira Uber, por exemplo, e acumula o seguro-desemprego com a renda do emprego informal\u201d, diz o especialista.\n<\/p>\n<p>Uma pol\u00edtica antic\u00edclica, explica Bruno, aumentaria o pagamento de benef\u00edcios ou afrouxaria crit\u00e9rios de elegibilidade em momentos de dificuldades econ\u00f4micas e teria gastos mais controlados em momentos de mercado aquecido, como o atual.\n<\/p>\n<p><strong>COMO FUNCIONA O SEGURO-DESEMPREGO<\/strong>\n<\/p>\n<p>O benef\u00edcio \u00e9 destinado a trabalhadores formais demitidos sem justa causa e que:\n<\/p>\n<p>N\u00e3o t\u00eam outra renda pr\u00f3pria para se manter;\n<\/p>\n<p>Receberam sal\u00e1rios formais em ao menos 12 dos 18 meses anteriores \u00e0 data da dispensa;\n<\/p>\n<p>N\u00e3o recebem benef\u00edcios previdenci\u00e1rios de presta\u00e7\u00e3o continuada, como o BPC, com exce\u00e7\u00e3o de aux\u00edlio-acidente, aux\u00edlio-suplementar e abono de perman\u00eancia.\n<\/p>\n<p>Na 2\u00aa solicita\u00e7\u00e3o do seguro-desemprego, \u00e9 preciso ter recebido sal\u00e1rio em 9 dos \u00faltimos 12 meses. Da 3\u00aa solicita\u00e7\u00e3o em diante, \u00e9 necess\u00e1rio ter recebido em todos os 6 meses anteriores \u00e0 dispensa.\n<\/p>\n<p>O seguro-desemprego atualmente varia de 1 sal\u00e1rio m\u00ednimo (R$ 1.412) a R$ 2.313,17. O c\u00e1lculo \u00e9 feito sobre os \u00faltimos 3 sal\u00e1rios de acordo com regras de uma tabela do MTE (Minist\u00e9rio do Trabalho e Emprego).\n<\/p>\n<p><strong>ABONO SALARIAL<\/strong>\n<\/p>\n<p>Os valores do abono salarial tamb\u00e9m tiveram alta recente. Passaram de R$ 24,8 bilh\u00f5es em 2023 para R$ 27,9 bilh\u00f5es em 2024.\n<\/p>\n<p><img fetchpriority=\"high\" decoding=\"async\" src=\"https:\/\/static.poder360.com.br\/2024\/09\/abono-salario-minimo.png\" alt=\"\" width=\"1667\" height=\"2071\"\/>\n<\/p>\n<p>O abono \u00e9 uma esp\u00e9cie de 14\u00ba sal\u00e1rio pago a trabalhadores com carteira assinada que recebem em m\u00e9dia at\u00e9 2 sal\u00e1rios m\u00ednimos (R$ 2.824 mensais). Tem valor de 1 sal\u00e1rio m\u00ednimo (\u00e9 pago proporcionalmente a quem n\u00e3o trabalhou o ano inteiro).\n<\/p>\n<p><strong>O AUMENTO DOS PAGAMENTOS<\/strong>\n<\/p>\n<p>As despesas de 2024 com seguro-desemprego e abono combinadas s\u00e3o estimadas em R$ 81,3 bilh\u00f5es, de acordo com o \u00faltimo relat\u00f3rio de avalia\u00e7\u00e3o de receitas e despesas prim\u00e1rias. As proje\u00e7\u00f5es do governo s\u00e3o de que essas despesas cres\u00e7am 34% at\u00e9 2028 e cheguem a R$ 109 bilh\u00f5es.\n<\/p>\n<p><img decoding=\"async\" src=\"https:\/\/static.poder360.com.br\/2024\/09\/seguro-e-abono-projecao-2.png\" alt=\"\" width=\"1667\" height=\"2525\"\/>\n<\/p>\n<p>O governo federal acompanha com aten\u00e7\u00e3o a eleva\u00e7\u00e3o dessas despesas. Com dificuldade para atingir a meta fiscal de 2024 e dos pr\u00f3ximos anos, tem feito mais pentes-finos em benef\u00edcios sociais, como o Bolsa Fam\u00edlia e o Seguro-Defeso. Para 2025, anunciou cortes de R$ 25,9 bilh\u00f5es.\n<\/p>\n<p>No caso do abono salarial, \u00e9 discutida uma proposta de redesenho do programa para que ele seja pago mensalmente (e n\u00e3o anualmente, como \u00e9 hoje) e que seja de acordo com a renda familiar per capita do beneficiado. Hoje, todos os que recebem at\u00e9 2 sal\u00e1rios m\u00ednimos s\u00e3o eleg\u00edveis. Com a nova regra, o gasto tende a ser menor.\n<\/p>\n<p>Fonte: Poder360 <\/p>\n<\/div>\n<p><br \/>\n<br \/><a href=\"https:\/\/diariodobrasilnoticias.com.br\/noticia\/pagamentos-de-seguro-desemprego-cresce-21-desde-2022-66f7e661345c8\">Source link <\/a><\/p>","protected":false},"excerpt":{"rendered":"<p>A despesa acumulada em 12 meses com o seguro-desemprego passou de R$ 37,4 bilh\u00f5es em janeiro de 2022 para R$ 45,4 bilh\u00f5es em agosto de 2024, em valores corrigidos pelo&hellip;<\/p>","protected":false},"author":1,"featured_media":42703,"comment_status":"closed","ping_status":"open","sticky":false,"template":"","format":"standard","meta":{"content-type":"","footnotes":""},"categories":[16],"tags":[123,2448,5313,1267],"class_list":["post-42702","post","type-post","status-publish","format-standard","has-post-thumbnail","hentry","category-noticias","tag-brasil","tag-diario","tag-noticia","tag-noticias"],"_links":{"self":[{"href":"https:\/\/tvbrazilusa.com\/pt\/wp-json\/wp\/v2\/posts\/42702","targetHints":{"allow":["GET"]}}],"collection":[{"href":"https:\/\/tvbrazilusa.com\/pt\/wp-json\/wp\/v2\/posts"}],"about":[{"href":"https:\/\/tvbrazilusa.com\/pt\/wp-json\/wp\/v2\/types\/post"}],"author":[{"embeddable":true,"href":"https:\/\/tvbrazilusa.com\/pt\/wp-json\/wp\/v2\/users\/1"}],"replies":[{"embeddable":true,"href":"https:\/\/tvbrazilusa.com\/pt\/wp-json\/wp\/v2\/comments?post=42702"}],"version-history":[{"count":1,"href":"https:\/\/tvbrazilusa.com\/pt\/wp-json\/wp\/v2\/posts\/42702\/revisions"}],"predecessor-version":[{"id":42704,"href":"https:\/\/tvbrazilusa.com\/pt\/wp-json\/wp\/v2\/posts\/42702\/revisions\/42704"}],"wp:featuredmedia":[{"embeddable":true,"href":"https:\/\/tvbrazilusa.com\/pt\/wp-json\/wp\/v2\/media\/42703"}],"wp:attachment":[{"href":"https:\/\/tvbrazilusa.com\/pt\/wp-json\/wp\/v2\/media?parent=42702"}],"wp:term":[{"taxonomy":"category","embeddable":true,"href":"https:\/\/tvbrazilusa.com\/pt\/wp-json\/wp\/v2\/categories?post=42702"},{"taxonomy":"post_tag","embeddable":true,"href":"https:\/\/tvbrazilusa.com\/pt\/wp-json\/wp\/v2\/tags?post=42702"}],"curies":[{"name":"wp","href":"https:\/\/api.w.org\/{rel}","templated":true}]}}