{"id":42708,"date":"2024-09-28T12:13:29","date_gmt":"2024-09-28T12:13:29","guid":{"rendered":"https:\/\/tvbrazilusa.com\/2024\/09\/28\/dentista-e-assassinada-por-seu-irmao-na-frente-da-mae-briga-por-heranca-teria-sido-o-motivo-do-crime\/"},"modified":"2024-09-28T12:13:30","modified_gmt":"2024-09-28T12:13:30","slug":"dentista-e-assassinada-por-seu-irmao-na-frente-da-mae-briga-por-heranca-teria-sido-o-motivo-do-crime","status":"publish","type":"post","link":"https:\/\/tvbrazilusa.com\/pt\/2024\/09\/28\/dentista-e-assassinada-por-seu-irmao-na-frente-da-mae-briga-por-heranca-teria-sido-o-motivo-do-crime\/","title":{"rendered":"Dentista \u00e9 assassinada por seu irm\u00e3o na frente da m\u00e3e; briga por heran\u00e7a teria sido o motivo do crime"},"content":{"rendered":"<p> <script async src=\"https:\/\/pagead2.googlesyndication.com\/pagead\/js\/adsbygoogle.js?client=ca-pub-8864793242727901\"\r\n     crossorigin=\"anonymous\"><\/script><br \/>\n<\/p>\n<div id=\"taboola-read-more\" style=\"display:block; width:100%\">\n<p>A dentista Isabel Cristina Fernandes Martins, de 34 anos, foi assassinada pelo irm\u00e3o a facadas em Gravatal, no Sul de Santa Catarina, nesta quinta-feira (26). A morte foi motivada por uma briga por heran\u00e7a e aconteceu na frente da m\u00e3e deles. As informa\u00e7\u00f5es s\u00e3o do delegado Willian Meotti, que investiga o caso.\n<\/p>\n<p>O homem fugiu para um matagal e, at\u00e9 a \u00faltima atualiza\u00e7\u00e3o desta reportagem, n\u00e3o havia sido encontrado. Agentes do 35\u00ba Batalh\u00e3o da Pol\u00edcia Militar e a Pol\u00edcia Civil iniciaram buscas na regi\u00e3o.<\/p>\n<p>A dentista foi encontrada com ferimentos de faca dentro da casa da m\u00e3e, onde o irm\u00e3o tamb\u00e9m morava, na Rodovia Herc\u00edlio Zappelini, na SC-370, por volta das 16h. A dentista morava em Tubar\u00e3o, na mesma regi\u00e3o, e foi visitar a fam\u00edlia em Gravatal onde foi morta.\n<\/p>\n<p>Conforme o delegado Meotti, a din\u00e2mica de como a agress\u00e3o ocorreu ainda \u00e9 desconhecida pela investiga\u00e7\u00e3o. Os bombeiros chegaram a ser acionados, mas a mulher j\u00e1 estava morta.\n<\/p>\n<p>O sepultamento ocorreu nesta sexta em Capivari de Baixo, cidade tamb\u00e9m do Sul de Santa Catarina.\n<\/p>\n<p>Fonte: G1 <\/p>\n<\/div>\n<p><br \/>\n<br \/><a href=\"https:\/\/diariodobrasilnoticias.com.br\/noticia\/dentista-e-assassinada-por-seu-irmao-na-frente-da-mae-briga-por-heranca-teria-sido-o-motivo-do-crime-66f7d5df67403\">Source link <\/a><\/p>","protected":false},"excerpt":{"rendered":"<p>A dentista Isabel Cristina Fernandes Martins, de 34 anos, foi assassinada pelo irm\u00e3o a facadas em Gravatal, no Sul de Santa Catarina, nesta quinta-feira (26). A morte foi motivada por&hellip;<\/p>","protected":false},"author":1,"featured_media":42709,"comment_status":"closed","ping_status":"open","sticky":false,"template":"","format":"standard","meta":{"content-type":"","footnotes":""},"categories":[16],"tags":[123,2448,5313,1267],"class_list":["post-42708","post","type-post","status-publish","format-standard","has-post-thumbnail","hentry","category-noticias","tag-brasil","tag-diario","tag-noticia","tag-noticias"],"_links":{"self":[{"href":"https:\/\/tvbrazilusa.com\/pt\/wp-json\/wp\/v2\/posts\/42708","targetHints":{"allow":["GET"]}}],"collection":[{"href":"https:\/\/tvbrazilusa.com\/pt\/wp-json\/wp\/v2\/posts"}],"about":[{"href":"https:\/\/tvbrazilusa.com\/pt\/wp-json\/wp\/v2\/types\/post"}],"author":[{"embeddable":true,"href":"https:\/\/tvbrazilusa.com\/pt\/wp-json\/wp\/v2\/users\/1"}],"replies":[{"embeddable":true,"href":"https:\/\/tvbrazilusa.com\/pt\/wp-json\/wp\/v2\/comments?post=42708"}],"version-history":[{"count":1,"href":"https:\/\/tvbrazilusa.com\/pt\/wp-json\/wp\/v2\/posts\/42708\/revisions"}],"predecessor-version":[{"id":42710,"href":"https:\/\/tvbrazilusa.com\/pt\/wp-json\/wp\/v2\/posts\/42708\/revisions\/42710"}],"wp:featuredmedia":[{"embeddable":true,"href":"https:\/\/tvbrazilusa.com\/pt\/wp-json\/wp\/v2\/media\/42709"}],"wp:attachment":[{"href":"https:\/\/tvbrazilusa.com\/pt\/wp-json\/wp\/v2\/media?parent=42708"}],"wp:term":[{"taxonomy":"category","embeddable":true,"href":"https:\/\/tvbrazilusa.com\/pt\/wp-json\/wp\/v2\/categories?post=42708"},{"taxonomy":"post_tag","embeddable":true,"href":"https:\/\/tvbrazilusa.com\/pt\/wp-json\/wp\/v2\/tags?post=42708"}],"curies":[{"name":"wp","href":"https:\/\/api.w.org\/{rel}","templated":true}]}}