{"id":42732,"date":"2024-09-28T13:44:40","date_gmt":"2024-09-28T13:44:40","guid":{"rendered":"https:\/\/tvbrazilusa.com\/2024\/09\/28\/lider-supremo-do-ira-diz-que-israel-vai-se-arrepender-de-suas-acoes-declaracao-foi-feita-em-apoio-ao-grupo-terrorista-hezbollah\/"},"modified":"2024-09-28T13:44:41","modified_gmt":"2024-09-28T13:44:41","slug":"lider-supremo-do-ira-diz-que-israel-vai-se-arrepender-de-suas-acoes-declaracao-foi-feita-em-apoio-ao-grupo-terrorista-hezbollah","status":"publish","type":"post","link":"https:\/\/tvbrazilusa.com\/pt\/2024\/09\/28\/lider-supremo-do-ira-diz-que-israel-vai-se-arrepender-de-suas-acoes-declaracao-foi-feita-em-apoio-ao-grupo-terrorista-hezbollah\/","title":{"rendered":"L\u00edder supremo do Ir\u00e3 diz que Israel &#8216;vai se arrepender de suas a\u00e7\u00f5es&#8217;; declara\u00e7\u00e3o foi feita em apoio ao grupo terrorista Hezbollah"},"content":{"rendered":"<p> <script async src=\"https:\/\/pagead2.googlesyndication.com\/pagead\/js\/adsbygoogle.js?client=ca-pub-8864793242727901\"\r\n     crossorigin=\"anonymous\"><\/script><br \/>\n<\/p>\n<div id=\"taboola-read-more\" style=\"display:block; width:100%\">\n<p>O l\u00edder supremo do Ir\u00e3, Ali Khamenei, disse neste s\u00e1bado (28) que o L\u00edbano far\u00e1 Israel &#8220;se arrepender&#8221; dos ataques em s\u00e9rie promovidos contra o pa\u00eds desde semana passada, informou a ag\u00eancia de not\u00edcias Reuters.\n<\/p>\n<p>Khamenei disse que \u00e9 obriga\u00e7\u00e3o de todo mu\u00e7ulmano apoiar o povo do L\u00edbano e o Hezbollah &#8220;com quaisquer meios que tenham&#8221; e ajudar a confrontar o &#8220;regime usurpador, opressivo e perverso&#8221; de Israel.<\/p>\n<p>Os bombardeios de Israel ao L\u00edbano, segundo o governo do pa\u00eds, t\u00eam como alvo o grupo extremista Hezbollah \u2014 que nasceu no L\u00edbano, mas \u00e9 financiado pelo Ir\u00e3 e aliado do Hamas. No entanto, os ataques j\u00e1 deixaram mais de 700 mortos e provocaram o maior \u00eaxodo de libaneses desde a guerra de 2006.\n<\/p>\n<p>&#8220;Pela gra\u00e7a de Deus, o L\u00edbano far\u00e1 o inimigo invasor, perverso e desacreditado (de Israel) se arrepender de suas a\u00e7\u00f5es&#8221;, disse.<br \/>Khamenei n\u00e3o falou nada sobre a morte do chefe do Hezbollah. As For\u00e7as de Israel e o Hezbollah confirmaram que Sayyed Hassan Nasrallah morreu ap\u00f3s o ataque israelense de sexta-feira ( 27), nos sub\u00farbios ao sul de Beirute, no L\u00edbano.\n<\/p>\n<p>H\u00e1 um grande temor pelo mundo de que o Ir\u00e3 se envolva nesta nova etapa da guerra no Oriente M\u00e9dio para combater o avan\u00e7o de Israel contra os pa\u00edses \u00e1rabes.\n<\/p>\n<p>O l\u00edder do Ir\u00e3 afirmou que o destino da regi\u00e3o &#8220;ser\u00e1 determinado pelas for\u00e7as de resist\u00eancia, com o Hezbollah na vanguarda&#8221;.\n<\/p>\n<p>&#8220;Todas as for\u00e7as na regi\u00e3o est\u00e3o ao lado e apoiam o Hezbollah. Deixe os criminosos saberem que eles s\u00e3o muito insignificantes para causar qualquer dano grave \u00e0 forte estrutura do Hezbollah no L\u00edbano&#8221;, disse Khamenei.<br \/>Khamenei tamb\u00e9m disse que Israel &#8220;n\u00e3o aprendeu nenhuma li\u00e7\u00e3o com a guerra criminal de um ano em Gaza&#8221;.\n<\/p>\n<p>Os conflitos come\u00e7aram em 7 de outubro do ano passado, quando o grupo extremista Hamas atacou uma festa rave em Israel e outros pontos do pa\u00eds, deixando mais de 1.200 mortos e sequestrando centenas de israelenses.\n<\/p>\n<p>Israel passou a atacar a Faixa de Gaza na sequ\u00eancia, alegando que o alvo eram integrantes do Hamas. No entanto, os ataques que ocorrem desde ent\u00e3o devastaram a regi\u00e3o da e deixaram mais de 40 mil palestinos mortos, a grande maioria de civis.\n<\/p>\n<p>Em apoio ao Hamas, o Hezbollah tamb\u00e9m come\u00e7ou a atacar Israel ainda no ano passado. O conflito entre o ex\u00e9rcito israelense e o grupo liban\u00eas permanece desde ent\u00e3o, mas se intensificou na semana passada, ap\u00f3s explos\u00f5es em s\u00e9rie de pagers e walkie-talkies de membros do Hezbollah, que acusam Israel pelo ataque.\n<\/p>\n<p>Fonte: G1 <\/p>\n<\/div>\n<p><br \/>\n<br \/><a href=\"https:\/\/diariodobrasilnoticias.com.br\/noticia\/lider-supremo-do-ira-diz-que-israel-vai-se-arrepender-de-suas-acoes-declaracao-foi-feita-em-apoio-ao-grupo-terrorista-hezbollah-66f802df672d5\">Source link <\/a><\/p>","protected":false},"excerpt":{"rendered":"<p>O l\u00edder supremo do Ir\u00e3, Ali Khamenei, disse neste s\u00e1bado (28) que o L\u00edbano far\u00e1 Israel &#8220;se arrepender&#8221; dos ataques em s\u00e9rie promovidos contra o pa\u00eds desde semana passada, informou&hellip;<\/p>","protected":false},"author":1,"featured_media":42733,"comment_status":"closed","ping_status":"open","sticky":false,"template":"","format":"standard","meta":{"content-type":"","footnotes":""},"categories":[16],"tags":[123,2448,5313,1267],"class_list":["post-42732","post","type-post","status-publish","format-standard","has-post-thumbnail","hentry","category-noticias","tag-brasil","tag-diario","tag-noticia","tag-noticias"],"_links":{"self":[{"href":"https:\/\/tvbrazilusa.com\/pt\/wp-json\/wp\/v2\/posts\/42732","targetHints":{"allow":["GET"]}}],"collection":[{"href":"https:\/\/tvbrazilusa.com\/pt\/wp-json\/wp\/v2\/posts"}],"about":[{"href":"https:\/\/tvbrazilusa.com\/pt\/wp-json\/wp\/v2\/types\/post"}],"author":[{"embeddable":true,"href":"https:\/\/tvbrazilusa.com\/pt\/wp-json\/wp\/v2\/users\/1"}],"replies":[{"embeddable":true,"href":"https:\/\/tvbrazilusa.com\/pt\/wp-json\/wp\/v2\/comments?post=42732"}],"version-history":[{"count":1,"href":"https:\/\/tvbrazilusa.com\/pt\/wp-json\/wp\/v2\/posts\/42732\/revisions"}],"predecessor-version":[{"id":42734,"href":"https:\/\/tvbrazilusa.com\/pt\/wp-json\/wp\/v2\/posts\/42732\/revisions\/42734"}],"wp:featuredmedia":[{"embeddable":true,"href":"https:\/\/tvbrazilusa.com\/pt\/wp-json\/wp\/v2\/media\/42733"}],"wp:attachment":[{"href":"https:\/\/tvbrazilusa.com\/pt\/wp-json\/wp\/v2\/media?parent=42732"}],"wp:term":[{"taxonomy":"category","embeddable":true,"href":"https:\/\/tvbrazilusa.com\/pt\/wp-json\/wp\/v2\/categories?post=42732"},{"taxonomy":"post_tag","embeddable":true,"href":"https:\/\/tvbrazilusa.com\/pt\/wp-json\/wp\/v2\/tags?post=42732"}],"curies":[{"name":"wp","href":"https:\/\/api.w.org\/{rel}","templated":true}]}}