{"id":42738,"date":"2024-09-28T14:23:33","date_gmt":"2024-09-28T14:23:33","guid":{"rendered":"https:\/\/tvbrazilusa.com\/2024\/09\/28\/apos-25-anos-policial-prende-assassino-do-seu-proprio-pai-justica-feita\/"},"modified":"2024-09-28T14:23:34","modified_gmt":"2024-09-28T14:23:34","slug":"apos-25-anos-policial-prende-assassino-do-seu-proprio-pai-justica-feita","status":"publish","type":"post","link":"https:\/\/tvbrazilusa.com\/pt\/2024\/09\/28\/apos-25-anos-policial-prende-assassino-do-seu-proprio-pai-justica-feita\/","title":{"rendered":"Ap\u00f3s 25 anos policial prende assassino do seu pr\u00f3prio pai: &#8216;Justi\u00e7a feita&#8217;"},"content":{"rendered":"<p> <script async src=\"https:\/\/pagead2.googlesyndication.com\/pagead\/js\/adsbygoogle.js?client=ca-pub-8864793242727901\"\r\n     crossorigin=\"anonymous\"><\/script><br \/>\n<\/p>\n<div id=\"taboola-read-more\" style=\"display:block; width:100%\">\n<p>A Pol\u00edcia Civil de Roraima prendeu na capital Boa Vista, um homem condenado pelo assassinato do comerciante Givaldo Jos\u00e9 Vicente de Deus, em fevereiro de 1999. O criminoso, identificado como Raimundo Alves Gomes, de 60 anos, que j\u00e1 tinha a pris\u00e3o decretada de forma definitiva desde 2019, foi localizado em uma regi\u00e3o de ch\u00e1caras na capital roraimense.\n<\/p>\n<p>Ao saber da not\u00edcia da pris\u00e3o, a escriv\u00e3 Gislayne de Deus, de 35 anos, filha de Givaldo, chorou de al\u00edvio. &#8220;\u00c9 o encerramento de um ciclo. A gente pensava que era um momento que nunca ia chegar e, de repente, aconteceu&#8221;, relatou a policial ao Estad\u00e3o. A defesa de Raimundo n\u00e3o foi localizada pela reportagem.<\/p>\n<p>Natural de Campo Grande, Mato Grosso do Sul, e formada em Direito, Gislayne ajudou os policiais a prender o autor do crime. Ela tomou posse no cargo de escriv\u00e3 da Pol\u00edcia Civil de Roraima h\u00e1 poucos meses, em julho deste ano. Antes, ocupava o cargo de agente na Pol\u00edcia Penal desde 2022.\n<\/p>\n<p>\u00c0 reportagem, ela conta que o principal objetivo ao entrar na pol\u00edcia era garantir maior estabilidade financeira e profissional. Mas, ter perdido o pai por uma pessoa que ainda n\u00e3o tinha sido presa tamb\u00e9m provocou nela, n\u00e3o o sentimento de vingan\u00e7a, mas o desejo de ajudar quem passou e passa pela mesma situa\u00e7\u00e3o.\n<\/p>\n<p>&#8220;Quando eu sa\u00ed da (Pol\u00edcia) Penal para ir para a (Pol\u00edcia) Civil, vi uma oportunidade de auxiliar com meu trabalho e a dar algum tipo de resposta para as pessoas, para as fam\u00edlias e tamb\u00e9m para o Judici\u00e1rio, que vai levar esse investigado a cumprir a sua pena e a responder pelo crime que cometeu&#8221;, diz.<br \/>H\u00e1 25 anos\n<\/p>\n<p>O crime aconteceu em fevereiro de 1999, quando a escriv\u00e3 tinha nove anos. Givaldo Jos\u00e9 Vicente, pai de Gislayne, era propriet\u00e1rio de um com\u00e9rcio em Boa Vista, e Raimundo era um dos fornecedores do estabelecimento. Ambos eram conhecidos e at\u00e9 descritos como &#8220;amigos&#8221; pela policial. Mas, por conta de uma d\u00edvida de R$ 150, Raimundo atirou contra Givaldo em um bar, no bairro Cambar\u00e1, tamb\u00e9m na capital.\n<\/p>\n<p>Raimundo chegou a ser preso em flagrante, mas foi solto 17 dias depois, segundo Gislayne. Ela conta que toda a sua fam\u00edlia n\u00e3o entendeu os motivos que levaram a Justi\u00e7a a decidir pela soltura do ent\u00e3o suspeito, que passou a responder o processo em liberdade.\n<\/p>\n<p>&#8220;A gente vivia em alerta. &#8216;Ser\u00e1 que, se eu for para o interior, eu vou encontr\u00e1-lo?&#8217; A gente ficava com essa sensa\u00e7\u00e3o de aten\u00e7\u00e3o por imaginar que ele estivesse em algum lugar. Eu sempre ficava buscando (por ele)&#8221;, diz Gislayne.\n<\/p>\n<p>Raimundo foi julgado em 2016 e condenado a 12 anos de pris\u00e3o, em regime fechado, pela morte de Givaldo Jos\u00e9 Vicente de Deus. Ap\u00f3s apresenta\u00e7\u00e3o de recursos, o mandado foi expedido de forma definitiva s\u00f3 em 2019. Desde ent\u00e3o, ele esteve foragido at\u00e9 ser localizado e preso na \u00faltima quarta-feira (25).\n<\/p>\n<p><strong>Buscas<\/strong>\n<\/p>\n<p>Gislayne conta que a investiga\u00e7\u00e3o na Delegacia Geral de Homic\u00eddios (DGH) j\u00e1 tinha sido encerrada e que s\u00f3 restava cumprir o mandado de pris\u00e3o que estava em aberto.\n<\/p>\n<p>&#8220;Os colegas dizem que a pris\u00e3o (do Raimundo) foi por minha causa porque eu levei o mandado de pris\u00e3o e pedi para a DGH (Delegacia Geral de Homic\u00eddios) procurar por ele sem, claro, abandonar as outras investiga\u00e7\u00f5es em curso&#8221;, diz a escriv\u00e3. &#8220;Eu passei s\u00f3 a informa\u00e7\u00e3o, mas a parte de investiga\u00e7\u00e3o, de levantamento de dados, de paradeiro, foi a equipe da DGH e do DEIN, o Departamento de Intelig\u00eancia, da Secretaria de Seguran\u00e7a P\u00fablica&#8221;.\n<\/p>\n<p>&#8220;Quando os colegas fizeram a pris\u00e3o, eles me ligaram. Naquele primeiro momento, eu confesso que chorei muito porque \u00e9 o encerramento de um ciclo. A gente pensava que era um momento que nunca ia chegar e, de repente, aconteceu. Ent\u00e3o, em um primeiro momento, senti muita emo\u00e7\u00e3o&#8221;, lembra.\n<\/p>\n<p>Gislayne conta que teve que se recompor e fez quest\u00e3o de conversar com o homem condenado pela morte do seu pai. &#8220;Eu vim para a DGH e foi o momento que eu o vi. Perguntei se ele sabia quem eu era, e falei: &#8216;Eu sou a filha da pessoa que voc\u00ea matou e eu quero dizer que o senhor vai cumprir a sua pena e vai pagar pelo que fez'&#8221;.\n<\/p>\n<p>Segundo a escriv\u00e3, o homem pouco reagiu. N\u00e3o chorou, n\u00e3o pediu desculpas ou esbo\u00e7ou algum arrependimento. Disse apenas que &#8220;n\u00e3o precisava ter sido assim&#8221;, comentou a policial.\n<\/p>\n<p>Gyslaine diz que a sensa\u00e7\u00e3o de ver Raimundo preso, mesmo que ele pague apenas uma parte da pena, &#8220;\u00e9 de paz e justi\u00e7a&#8221;. &#8220;Esse sentimento de injusti\u00e7a nos acompanhou por muito tempo, praticamente durante esses 25 anos. S\u00f3 tivemos a sensa\u00e7\u00e3o de justi\u00e7a efetiva, feita, agora, em 2024. E esse sentimento \u00e9 indescrit\u00edvel&#8221;, comentou.\n<\/p>\n<p>Fonte: O Dia <\/p>\n<\/div>\n<p><br \/>\n<br \/><a href=\"https:\/\/diariodobrasilnoticias.com.br\/noticia\/apos-25-anos-policial-prende-assassino-do-seu-proprio-pai-justica-feita-66f8096d09662\">Source link <\/a><\/p>","protected":false},"excerpt":{"rendered":"<p>A Pol\u00edcia Civil de Roraima prendeu na capital Boa Vista, um homem condenado pelo assassinato do comerciante Givaldo Jos\u00e9 Vicente de Deus, em fevereiro de 1999. O criminoso, identificado como&hellip;<\/p>","protected":false},"author":1,"featured_media":42739,"comment_status":"closed","ping_status":"open","sticky":false,"template":"","format":"standard","meta":{"content-type":"","footnotes":""},"categories":[16],"tags":[123,2448,5313,1267],"class_list":["post-42738","post","type-post","status-publish","format-standard","has-post-thumbnail","hentry","category-noticias","tag-brasil","tag-diario","tag-noticia","tag-noticias"],"_links":{"self":[{"href":"https:\/\/tvbrazilusa.com\/pt\/wp-json\/wp\/v2\/posts\/42738","targetHints":{"allow":["GET"]}}],"collection":[{"href":"https:\/\/tvbrazilusa.com\/pt\/wp-json\/wp\/v2\/posts"}],"about":[{"href":"https:\/\/tvbrazilusa.com\/pt\/wp-json\/wp\/v2\/types\/post"}],"author":[{"embeddable":true,"href":"https:\/\/tvbrazilusa.com\/pt\/wp-json\/wp\/v2\/users\/1"}],"replies":[{"embeddable":true,"href":"https:\/\/tvbrazilusa.com\/pt\/wp-json\/wp\/v2\/comments?post=42738"}],"version-history":[{"count":1,"href":"https:\/\/tvbrazilusa.com\/pt\/wp-json\/wp\/v2\/posts\/42738\/revisions"}],"predecessor-version":[{"id":42740,"href":"https:\/\/tvbrazilusa.com\/pt\/wp-json\/wp\/v2\/posts\/42738\/revisions\/42740"}],"wp:featuredmedia":[{"embeddable":true,"href":"https:\/\/tvbrazilusa.com\/pt\/wp-json\/wp\/v2\/media\/42739"}],"wp:attachment":[{"href":"https:\/\/tvbrazilusa.com\/pt\/wp-json\/wp\/v2\/media?parent=42738"}],"wp:term":[{"taxonomy":"category","embeddable":true,"href":"https:\/\/tvbrazilusa.com\/pt\/wp-json\/wp\/v2\/categories?post=42738"},{"taxonomy":"post_tag","embeddable":true,"href":"https:\/\/tvbrazilusa.com\/pt\/wp-json\/wp\/v2\/tags?post=42738"}],"curies":[{"name":"wp","href":"https:\/\/api.w.org\/{rel}","templated":true}]}}