{"id":42789,"date":"2024-09-28T17:52:02","date_gmt":"2024-09-28T17:52:02","guid":{"rendered":"https:\/\/tvbrazilusa.com\/2024\/09\/28\/edilson-das-casas-candidato-a-prefeito-de-pacajus-sofre-atentado-sua-casa-foi-alvejada-por-dois-homens-portando-armas-de-fogo-veja-video\/"},"modified":"2024-09-28T17:52:03","modified_gmt":"2024-09-28T17:52:03","slug":"edilson-das-casas-candidato-a-prefeito-de-pacajus-sofre-atentado-sua-casa-foi-alvejada-por-dois-homens-portando-armas-de-fogo-veja-video","status":"publish","type":"post","link":"https:\/\/tvbrazilusa.com\/pt\/2024\/09\/28\/edilson-das-casas-candidato-a-prefeito-de-pacajus-sofre-atentado-sua-casa-foi-alvejada-por-dois-homens-portando-armas-de-fogo-veja-video\/","title":{"rendered":"Edilson das Casas, candidato a prefeito de Pacajus sofre atentado; sua casa foi alvejada por dois homens portando armas de fogo; VEJA V\u00cdDEO"},"content":{"rendered":"<p> <script async src=\"https:\/\/pagead2.googlesyndication.com\/pagead\/js\/adsbygoogle.js?client=ca-pub-8864793242727901\"\r\n     crossorigin=\"anonymous\"><\/script><br \/>\n<\/p>\n<div>\n<figure class=\"post-image\">\n<\/figure>\n<p><span style=\"font-size: 12px\">Reprodu\u00e7\u00e3o\/Uni\u00e3o Brasil<\/span><\/p>\n<div id=\"taboola-read-more\" style=\"display:block; width:100%\">\n<p>Edilson das Casas (Uni\u00e3o Brasil), candidato a prefeito na cidade de Pacajus, na Regi\u00e3o Metropolitana de Fortaleza, foi alvo de uma tentativa de homic\u00eddio na madrugada deste s\u00e1bado (28). A resid\u00eancia do candidato foi invadida por dois homens encapuzados, que derrubaram o port\u00e3o da propriedade e atiraram com armas de fogo.\n<\/p>\n<p>De acordo com a assessoria do partido Uni\u00e3o Brasil, Edilson estava na resid\u00eancia com sua fam\u00edlia, que n\u00e3o foi atingida pelos disparos. Os homens fugiram do local, mas as c\u00e2meras de seguran\u00e7a da resid\u00eancia flagraram toda a a\u00e7\u00e3o. Em boletim de ocorr\u00eancia registrado logo ap\u00f3s o ocorrido, Edilson acredita que a tentativa de homic\u00eddio tem motiva\u00e7\u00f5es pol\u00edticas.<\/p>\n<p>\u201cNunca sofri qualquer tipo de viol\u00eancia. Agora, infelizmente, quase fui v\u00edtima, juntamente com a minha fam\u00edlia, de algo que poderia ter sido uma grande trag\u00e9dia. Gra\u00e7as a Deus estou vivo e posso contar a hist\u00f3ria, mas algo precisa ser feito, os respons\u00e1veis t\u00eam que ser identificados e punidos com todo rigor. \u00c9 inaceit\u00e1vel tamanha viol\u00eancia por motiva\u00e7\u00e3o eleitoral, este \u00e9 um crime contra a democracia e n\u00f3s precisamos de uma a\u00e7\u00e3o imediata para evitar que algo semelhante volte a acontecer\u201d, declarou o candidato.\n<\/p>\n<p>Veja v\u00eddeo:\n<\/p>\n<p>@carmeloneto\n<\/p>\n<p>Fonte: O Estado <\/p>\n<\/div>\n<div class=\"row mt-3\">\n<div class=\"col-sm-6\">\n<p><a href=\"https:\/\/chat.whatsapp.com\/GwURnmOyPiN1XheGYvCspN\" target=\"_blank\" rel=\"noopener\"><br \/>\n<img decoding=\"async\" src=\"https:\/\/diariodobrasilnoticias.com.br\/assets-site\/images\/bot_whatsapp.png\"\/><\/a>\n<\/div>\n<div class=\"col-sm-6\">\n<a href=\"https:\/\/t.me\/+_4gTmi5LKo03OTM5\" target=\"_blank\" rel=\"noopener\"><br \/>\n<img decoding=\"async\" src=\"https:\/\/diariodobrasilnoticias.com.br\/assets-site\/images\/bot_telegram.png\"\/><\/a>\n<\/div>\n<\/div>\n<\/div>\n<p><br \/>\n<br \/><a href=\"https:\/\/diariodobrasilnoticias.com.br\/noticia\/edilson-das-casas-candidato-a-prefeito-de-pacajus-sofre-atentado-sua-casa-foi-alvejada-por-dois-homens-portando-armas-de-fogo-veja-video-66f823791d7e9\">Source link <\/a><\/p>","protected":false},"excerpt":{"rendered":"<p>Reprodu\u00e7\u00e3o\/Uni\u00e3o Brasil Edilson das Casas (Uni\u00e3o Brasil), candidato a prefeito na cidade de Pacajus, na Regi\u00e3o Metropolitana de Fortaleza, foi alvo de uma tentativa de homic\u00eddio na madrugada deste s\u00e1bado&hellip;<\/p>","protected":false},"author":1,"featured_media":42790,"comment_status":"closed","ping_status":"open","sticky":false,"template":"","format":"standard","meta":{"content-type":"","footnotes":""},"categories":[16],"tags":[123,2448,5313,1267],"class_list":["post-42789","post","type-post","status-publish","format-standard","has-post-thumbnail","hentry","category-noticias","tag-brasil","tag-diario","tag-noticia","tag-noticias"],"_links":{"self":[{"href":"https:\/\/tvbrazilusa.com\/pt\/wp-json\/wp\/v2\/posts\/42789","targetHints":{"allow":["GET"]}}],"collection":[{"href":"https:\/\/tvbrazilusa.com\/pt\/wp-json\/wp\/v2\/posts"}],"about":[{"href":"https:\/\/tvbrazilusa.com\/pt\/wp-json\/wp\/v2\/types\/post"}],"author":[{"embeddable":true,"href":"https:\/\/tvbrazilusa.com\/pt\/wp-json\/wp\/v2\/users\/1"}],"replies":[{"embeddable":true,"href":"https:\/\/tvbrazilusa.com\/pt\/wp-json\/wp\/v2\/comments?post=42789"}],"version-history":[{"count":1,"href":"https:\/\/tvbrazilusa.com\/pt\/wp-json\/wp\/v2\/posts\/42789\/revisions"}],"predecessor-version":[{"id":42791,"href":"https:\/\/tvbrazilusa.com\/pt\/wp-json\/wp\/v2\/posts\/42789\/revisions\/42791"}],"wp:featuredmedia":[{"embeddable":true,"href":"https:\/\/tvbrazilusa.com\/pt\/wp-json\/wp\/v2\/media\/42790"}],"wp:attachment":[{"href":"https:\/\/tvbrazilusa.com\/pt\/wp-json\/wp\/v2\/media?parent=42789"}],"wp:term":[{"taxonomy":"category","embeddable":true,"href":"https:\/\/tvbrazilusa.com\/pt\/wp-json\/wp\/v2\/categories?post=42789"},{"taxonomy":"post_tag","embeddable":true,"href":"https:\/\/tvbrazilusa.com\/pt\/wp-json\/wp\/v2\/tags?post=42789"}],"curies":[{"name":"wp","href":"https:\/\/api.w.org\/{rel}","templated":true}]}}