{"id":42819,"date":"2024-09-28T19:53:25","date_gmt":"2024-09-28T19:53:25","guid":{"rendered":"https:\/\/tvbrazilusa.com\/2024\/09\/28\/folgado-reu-em-audiencia-penal-desacata-juiz-e-faz-mimicas-com-sua-fala-veja-video\/"},"modified":"2024-09-28T19:53:26","modified_gmt":"2024-09-28T19:53:26","slug":"folgado-reu-em-audiencia-penal-desacata-juiz-e-faz-mimicas-com-sua-fala-veja-video","status":"publish","type":"post","link":"https:\/\/tvbrazilusa.com\/pt\/2024\/09\/28\/folgado-reu-em-audiencia-penal-desacata-juiz-e-faz-mimicas-com-sua-fala-veja-video\/","title":{"rendered":"FOLGADO: R\u00e9u em audi\u00eancia penal desacata ju\u00edz e faz m\u00edmicas com sua fala; VEJA V\u00cdDEO"},"content":{"rendered":"<p> <script async src=\"https:\/\/pagead2.googlesyndication.com\/pagead\/js\/adsbygoogle.js?client=ca-pub-8864793242727901\"\r\n     crossorigin=\"anonymous\"><\/script><br \/>\n<\/p>\n<div id=\"taboola-read-more\" style=\"display:block; width:100%\">\n<p>A solicita\u00e7\u00e3o foi feita ao final da audi\u00eancia de cust\u00f3dia que confirmou a pris\u00e3o preventiva do preso, identificado como Alisson da Silva Andrade. O magistrado ainda reconheceu que a solicita\u00e7\u00e3o da \u201caten\u00e7\u00e3o\u201d do TJRN \u00e9 importante mesmo, aparentemente, se tratando muito mais de um \u201cmal educado\u201d do que algu\u00e9m de fato perigoso.\n<\/p>\n<p>Em v\u00eddeo da audi\u00eancia de cust\u00f3dia, Alisson da Silva Andrade amea\u00e7a o juiz Felipe Barros em diversos momentos e chama a autoridade de \u201ccachorro\u201d ao ser informado que continuar\u00e1 preso por furto, ocorrido em Natal nesta semana.<\/p>\n<p>O suspeito foi pego em flagrante pela popula\u00e7\u00e3o e, segundo ele, agredido. \u201cSou mais perigoso que Fernandinho Beira-mar. Sou de Afonso Bezerra, onde toquei fogo numa viatura sem nem tocar nela, s\u00f3 dando a ordem. Com um estalar de dedo eu boto fogo no f\u00f3rum da sua casa se voc\u00ea me der uma cadeia\u201d, diz o rapaz logo nos primeiros minutos da audi\u00eancia.\n<\/p>\n<p>Veja v\u00eddeo:\n<\/p>\n<p>96 FM Natal\n<\/p>\n<p>Fonte: Blog do BG <\/p>\n<\/div>\n<p><br \/>\n<br \/><a href=\"https:\/\/diariodobrasilnoticias.com.br\/noticia\/folgado-reu-em-audiencia-penal-desacata-juiz-e-faz-mimicas-com-sua-fala-veja-video-66f82fcfbf4e2\">Source link <\/a><\/p>","protected":false},"excerpt":{"rendered":"<p>A solicita\u00e7\u00e3o foi feita ao final da audi\u00eancia de cust\u00f3dia que confirmou a pris\u00e3o preventiva do preso, identificado como Alisson da Silva Andrade. O magistrado ainda reconheceu que a solicita\u00e7\u00e3o&hellip;<\/p>","protected":false},"author":1,"featured_media":42820,"comment_status":"closed","ping_status":"open","sticky":false,"template":"","format":"standard","meta":{"content-type":"","footnotes":""},"categories":[16],"tags":[123,2448,5313,1267],"class_list":["post-42819","post","type-post","status-publish","format-standard","has-post-thumbnail","hentry","category-noticias","tag-brasil","tag-diario","tag-noticia","tag-noticias"],"_links":{"self":[{"href":"https:\/\/tvbrazilusa.com\/pt\/wp-json\/wp\/v2\/posts\/42819","targetHints":{"allow":["GET"]}}],"collection":[{"href":"https:\/\/tvbrazilusa.com\/pt\/wp-json\/wp\/v2\/posts"}],"about":[{"href":"https:\/\/tvbrazilusa.com\/pt\/wp-json\/wp\/v2\/types\/post"}],"author":[{"embeddable":true,"href":"https:\/\/tvbrazilusa.com\/pt\/wp-json\/wp\/v2\/users\/1"}],"replies":[{"embeddable":true,"href":"https:\/\/tvbrazilusa.com\/pt\/wp-json\/wp\/v2\/comments?post=42819"}],"version-history":[{"count":1,"href":"https:\/\/tvbrazilusa.com\/pt\/wp-json\/wp\/v2\/posts\/42819\/revisions"}],"predecessor-version":[{"id":42821,"href":"https:\/\/tvbrazilusa.com\/pt\/wp-json\/wp\/v2\/posts\/42819\/revisions\/42821"}],"wp:featuredmedia":[{"embeddable":true,"href":"https:\/\/tvbrazilusa.com\/pt\/wp-json\/wp\/v2\/media\/42820"}],"wp:attachment":[{"href":"https:\/\/tvbrazilusa.com\/pt\/wp-json\/wp\/v2\/media?parent=42819"}],"wp:term":[{"taxonomy":"category","embeddable":true,"href":"https:\/\/tvbrazilusa.com\/pt\/wp-json\/wp\/v2\/categories?post=42819"},{"taxonomy":"post_tag","embeddable":true,"href":"https:\/\/tvbrazilusa.com\/pt\/wp-json\/wp\/v2\/tags?post=42819"}],"curies":[{"name":"wp","href":"https:\/\/api.w.org\/{rel}","templated":true}]}}