{"id":42824,"date":"2024-09-28T20:09:01","date_gmt":"2024-09-28T20:09:01","guid":{"rendered":"https:\/\/tvbrazilusa.com\/2024\/09\/28\/israel-em-alerta-maximo-apos-morte-de-lider-do-hezbollah\/"},"modified":"2024-09-28T20:09:03","modified_gmt":"2024-09-28T20:09:03","slug":"israel-em-alerta-maximo-apos-morte-de-lider-do-hezbollah","status":"publish","type":"post","link":"https:\/\/tvbrazilusa.com\/pt\/2024\/09\/28\/israel-em-alerta-maximo-apos-morte-de-lider-do-hezbollah\/","title":{"rendered":"Israel em \u201calerta m\u00e1ximo\u201d ap\u00f3s morte de l\u00edder do Hezbollah"},"content":{"rendered":"<p> <script async src=\"https:\/\/pagead2.googlesyndication.com\/pagead\/js\/adsbygoogle.js?client=ca-pub-8864793242727901\"\r\n     crossorigin=\"anonymous\"><\/script><br \/>\n<\/p>\n<div id=\"taboola-read-more\" style=\"display:block; width:100%\">\n<p>O porta-voz das For\u00e7as de Defesa de Israel (FDI), contra-almirante Daniel Hagari, atualizou neste s\u00e1bado, 28, as diretrizes para a seguran\u00e7a dos israelenses ap\u00f3s a <a href=\"https:\/\/oantagonista.com.br\/mundo\/hezbollah-confirma-morte-do-lider-hassan-nasrallah\/\">morte do l\u00edder n\u00famero 1 do Hezbollah<\/a>, <strong>Hassan Nasrallah<\/strong>.\u00a0<\/p>\n<p>H\u00e1 uma preocupa\u00e7\u00e3o com a <strong>possibilidade de retalia\u00e7\u00e3o por parte do Hezbollah<\/strong> ou seus aliados ap\u00f3s a morte de Nasrallah no ataque a\u00e9reo israelense em Beirute.<\/p>\n<p>Mais cedo, as FDI afirmaram que permaneceriam em \u201calerta m\u00e1ximo\u201d para uma poss\u00edvel retalia\u00e7\u00e3o ou escalada ap\u00f3s o ataque de sexta-feira.\n<\/p>\n<p>Em Israel, as reuni\u00f5es com mais de mil pessoas permanecer\u00e3o restritas at\u00e9 pelo menos a noite de segunda-feira em v\u00e1rias partes do pa\u00eds.<\/p>\n<p>Como mostramos, Hagari gravou um v\u00eddeo ap\u00f3s a morte do l\u00edder do Hezbollah.\n<\/p>\n<p><em>\u201cNasrallah foi um dos maiores inimigos de Israel de todos os tempos. Ele representou uma amea\u00e7a aos cidad\u00e3os israelenses por d\u00e9cadas, e sua elimina\u00e7\u00e3o torna o mundo um lugar mais seguro\u201d<\/em>, disse em v\u00eddeo.\n<\/p>\n<p><em>\u201cN\u00e3o acabou, o Hezbollah tem mais capacidades\u201d<\/em>, acrescentou.\n<\/p>\n<h2 id=\"h-lider-do-ira-pede-apoio-para-libano\" class=\"wp-block-heading\">L\u00edder do Ir\u00e3 pede apoio para L\u00edbano<\/h2>\n<p>O l\u00edder supremo do Ir\u00e3, <strong>Ali Khamenei<\/strong>, pediu que os mu\u00e7ulmanos apoiem o L\u00edbano e o Hezbollah.\n<\/p>\n<p><em>\u201c\u00c9 obrigat\u00f3rio para todos os mu\u00e7ulmanos apoiar orgulhosamente o povo liban\u00eas e o Hezbollah com os seus recursos e ajud\u00e1-lo a enfrentar o regime usurpador, cruel e mal\u00e9fico [de Israel]\u201d<\/em>, afirmou em comunicado divulgado pela ag\u00eancia IRNA.<br \/><em>A matan\u00e7a de pessoas indefesas no L\u00edbano revelou mais uma vez a todos a ferocidade do c\u00e3o raivoso sionista e demonstrou a miopia e a pol\u00edtica est\u00fapida dos l\u00edderes do regime usurpador [Israel]\u201d<\/em>, acrescentou.<\/p>\n<p>O antagonista\u00a0 <\/p>\n<\/div>\n<p><br \/>\n<br \/><a href=\"https:\/\/diariodobrasilnoticias.com.br\/noticia\/israel-em-alerta-maximo-apos-morte-de-lider-do-hezbollah-66f859d5278c5\">Source link <\/a><\/p>","protected":false},"excerpt":{"rendered":"<p>O porta-voz das For\u00e7as de Defesa de Israel (FDI), contra-almirante Daniel Hagari, atualizou neste s\u00e1bado, 28, as diretrizes para a seguran\u00e7a dos israelenses ap\u00f3s a morte do l\u00edder n\u00famero 1&hellip;<\/p>","protected":false},"author":1,"featured_media":42825,"comment_status":"closed","ping_status":"open","sticky":false,"template":"","format":"standard","meta":{"content-type":"","footnotes":""},"categories":[16],"tags":[123,2448,5313,1267],"class_list":["post-42824","post","type-post","status-publish","format-standard","has-post-thumbnail","hentry","category-noticias","tag-brasil","tag-diario","tag-noticia","tag-noticias"],"_links":{"self":[{"href":"https:\/\/tvbrazilusa.com\/pt\/wp-json\/wp\/v2\/posts\/42824","targetHints":{"allow":["GET"]}}],"collection":[{"href":"https:\/\/tvbrazilusa.com\/pt\/wp-json\/wp\/v2\/posts"}],"about":[{"href":"https:\/\/tvbrazilusa.com\/pt\/wp-json\/wp\/v2\/types\/post"}],"author":[{"embeddable":true,"href":"https:\/\/tvbrazilusa.com\/pt\/wp-json\/wp\/v2\/users\/1"}],"replies":[{"embeddable":true,"href":"https:\/\/tvbrazilusa.com\/pt\/wp-json\/wp\/v2\/comments?post=42824"}],"version-history":[{"count":1,"href":"https:\/\/tvbrazilusa.com\/pt\/wp-json\/wp\/v2\/posts\/42824\/revisions"}],"predecessor-version":[{"id":42826,"href":"https:\/\/tvbrazilusa.com\/pt\/wp-json\/wp\/v2\/posts\/42824\/revisions\/42826"}],"wp:featuredmedia":[{"embeddable":true,"href":"https:\/\/tvbrazilusa.com\/pt\/wp-json\/wp\/v2\/media\/42825"}],"wp:attachment":[{"href":"https:\/\/tvbrazilusa.com\/pt\/wp-json\/wp\/v2\/media?parent=42824"}],"wp:term":[{"taxonomy":"category","embeddable":true,"href":"https:\/\/tvbrazilusa.com\/pt\/wp-json\/wp\/v2\/categories?post=42824"},{"taxonomy":"post_tag","embeddable":true,"href":"https:\/\/tvbrazilusa.com\/pt\/wp-json\/wp\/v2\/tags?post=42824"}],"curies":[{"name":"wp","href":"https:\/\/api.w.org\/{rel}","templated":true}]}}