{"id":42877,"date":"2024-09-28T22:57:15","date_gmt":"2024-09-28T22:57:15","guid":{"rendered":"https:\/\/tvbrazilusa.com\/2024\/09\/28\/precos-do-cafe-e-do-leite-disparam\/"},"modified":"2024-09-28T22:57:16","modified_gmt":"2024-09-28T22:57:16","slug":"precos-do-cafe-e-do-leite-disparam","status":"publish","type":"post","link":"https:\/\/tvbrazilusa.com\/pt\/2024\/09\/28\/precos-do-cafe-e-do-leite-disparam\/","title":{"rendered":"Pre\u00e7os do caf\u00e9 e do leite disparam"},"content":{"rendered":"<p> <script async src=\"https:\/\/pagead2.googlesyndication.com\/pagead\/js\/adsbygoogle.js?client=ca-pub-8864793242727901\"\r\n     crossorigin=\"anonymous\"><\/script><br \/>\n<\/p>\n<div id=\"taboola-read-more\" style=\"display:block; width:100%\">\n<p>O caf\u00e9 em p\u00f3 registrou um aumento de 17,78% ao longo de 2024, segundo o \u00cdndice de Pre\u00e7os ao Consumidor (IPC) da Funda\u00e7\u00e3o Instituto de Pesquisas Econ\u00f4micas (Fipe). O leite teve alta ainda maior: 22,77% apenas neste ano.\n<\/p>\n<p>Marcelo Pereira, pesquisador da Fipe, explicou que a valoriza\u00e7\u00e3o no pe\u00e7o do caf\u00e9 em p\u00f3 est\u00e1 diretamente ligada ao clima. As altas temperaturas e as secas prejudicaram a safra no Brasil e devem impactar tamb\u00e9m a produ\u00e7\u00e3o no Vietn\u00e3, principal produtor global.<\/p>\n<p>J\u00e1 com rela\u00e7\u00e3o ao leite, o aumento no pre\u00e7o estaria vinculado \u00e0 oferta, devido \u00e0 baixa produ\u00e7\u00e3o no primeiro semestre. Mas a tend\u00eancia \u00e9 de normaliza\u00e7\u00e3o nos pr\u00f3ximos meses.\n<\/p>\n<p>Metr\u00f3poles\u00a0 <\/p>\n<\/div>\n<p><br \/>\n<br \/><a href=\"https:\/\/diariodobrasilnoticias.com.br\/noticia\/precos-do-cafe-e-do-leite-disparam-66f865dcec9c3\">Source link <\/a><\/p>","protected":false},"excerpt":{"rendered":"<p>O caf\u00e9 em p\u00f3 registrou um aumento de 17,78% ao longo de 2024, segundo o \u00cdndice de Pre\u00e7os ao Consumidor (IPC) da Funda\u00e7\u00e3o Instituto de Pesquisas Econ\u00f4micas (Fipe). O leite&hellip;<\/p>","protected":false},"author":1,"featured_media":42878,"comment_status":"closed","ping_status":"open","sticky":false,"template":"","format":"standard","meta":{"content-type":"","footnotes":""},"categories":[16],"tags":[123,2448,5313,1267],"class_list":["post-42877","post","type-post","status-publish","format-standard","has-post-thumbnail","hentry","category-noticias","tag-brasil","tag-diario","tag-noticia","tag-noticias"],"_links":{"self":[{"href":"https:\/\/tvbrazilusa.com\/pt\/wp-json\/wp\/v2\/posts\/42877","targetHints":{"allow":["GET"]}}],"collection":[{"href":"https:\/\/tvbrazilusa.com\/pt\/wp-json\/wp\/v2\/posts"}],"about":[{"href":"https:\/\/tvbrazilusa.com\/pt\/wp-json\/wp\/v2\/types\/post"}],"author":[{"embeddable":true,"href":"https:\/\/tvbrazilusa.com\/pt\/wp-json\/wp\/v2\/users\/1"}],"replies":[{"embeddable":true,"href":"https:\/\/tvbrazilusa.com\/pt\/wp-json\/wp\/v2\/comments?post=42877"}],"version-history":[{"count":1,"href":"https:\/\/tvbrazilusa.com\/pt\/wp-json\/wp\/v2\/posts\/42877\/revisions"}],"predecessor-version":[{"id":42879,"href":"https:\/\/tvbrazilusa.com\/pt\/wp-json\/wp\/v2\/posts\/42877\/revisions\/42879"}],"wp:featuredmedia":[{"embeddable":true,"href":"https:\/\/tvbrazilusa.com\/pt\/wp-json\/wp\/v2\/media\/42878"}],"wp:attachment":[{"href":"https:\/\/tvbrazilusa.com\/pt\/wp-json\/wp\/v2\/media?parent=42877"}],"wp:term":[{"taxonomy":"category","embeddable":true,"href":"https:\/\/tvbrazilusa.com\/pt\/wp-json\/wp\/v2\/categories?post=42877"},{"taxonomy":"post_tag","embeddable":true,"href":"https:\/\/tvbrazilusa.com\/pt\/wp-json\/wp\/v2\/tags?post=42877"}],"curies":[{"name":"wp","href":"https:\/\/api.w.org\/{rel}","templated":true}]}}