{"id":42880,"date":"2024-09-28T23:13:39","date_gmt":"2024-09-28T23:13:39","guid":{"rendered":"https:\/\/tvbrazilusa.com\/2024\/09\/28\/carreata-de-ramagem-com-nikolas-tem-carlos-bolsonaro-de-colete-a-prova-de-balas\/"},"modified":"2024-09-28T23:13:40","modified_gmt":"2024-09-28T23:13:40","slug":"carreata-de-ramagem-com-nikolas-tem-carlos-bolsonaro-de-colete-a-prova-de-balas","status":"publish","type":"post","link":"https:\/\/tvbrazilusa.com\/pt\/2024\/09\/28\/carreata-de-ramagem-com-nikolas-tem-carlos-bolsonaro-de-colete-a-prova-de-balas\/","title":{"rendered":"Carreata de Ramagem com Nikolas tem Carlos Bolsonaro de colete \u00e0 prova de balas"},"content":{"rendered":"<p> <script async src=\"https:\/\/pagead2.googlesyndication.com\/pagead\/js\/adsbygoogle.js?client=ca-pub-8864793242727901\"\r\n     crossorigin=\"anonymous\"><\/script><br \/>\n<\/p>\n<div data-block-type=\"unstyled\" data-block-weight=\"33\" data-block-id=\"3\">\n<p class=\"content-text__container\" data-track-category=\"Link no Texto\" data-track-links=\"\" data-mrf-recirculation=\"Recomenda\u00e7\u00e3o meio do texto\">Quando foi questionado sobre os pastores que est\u00e3o dando apoio ao seu advers\u00e1rio Eduardo Paes (PSD), ele minimizou a quest\u00e3o e disse que os religiosos sabem quem &#8220;verdadeiramente defende os valores da fam\u00edlia&#8221;.<\/p>\n<\/div>\n<div data-block-type=\"unstyled\" data-block-weight=\"48\" data-block-id=\"4\">\n<p class=\"content-text__container\" data-track-category=\"Link no Texto\" data-track-links=\"\" data-mrf-recirculation=\"Recomenda\u00e7\u00e3o meio do texto\">\u2014 O povo crist\u00e3o sabe que n\u00f3s defendemos, sem oportunismo, os valores crist\u00e3os, os valores da fam\u00edlia. Da mesma forma que todas as nossas propostas administrativas defendem os valores, sem a quest\u00e3o de ideologia de g\u00eanero, sem libera\u00e7\u00e3o das drogas e contra a libera\u00e7\u00e3o do aborto \u2014 respondeu.\n<\/p>\n<\/div>\n<div data-block-type=\"unstyled\" data-block-weight=\"20\" data-block-id=\"5\">\n<p class=\"content-text__container\" data-track-category=\"Link no Texto\" data-track-links=\"\" data-mrf-recirculation=\"Recomenda\u00e7\u00e3o meio do texto\">Ao ser questionado sobre o colete de Carlos Bolsonaro e se n\u00e3o estava preocupado com a pr\u00f3pria seguran\u00e7a, Ramagem respondeu:\n<\/p>\n<div class=\"mc-column content-text active-extra-styles\" data-block-type=\"unstyled\" data-block-weight=\"29\" data-block-id=\"6\">\n<p class=\"content-text__container\" data-track-category=\"Link no Texto\" data-track-links=\"\" data-mrf-recirculation=\"Recomenda\u00e7\u00e3o meio do texto\">\u2014 Isso \u00e9 de cada um. Tem v\u00e1rias pessoas que est\u00e3o a\u00ed e eu n\u00e3o sei informar disso n\u00e3o \u2014 respondeu, sem querer entrar em detalhes sobre o assunto.\n<\/p>\n<\/div>\n<div class=\"mc-column content-text active-extra-styles\" data-block-type=\"unstyled\" data-block-weight=\"54\" data-block-id=\"7\">\n<p class=\"content-text__container\" data-track-category=\"Link no Texto\" data-track-links=\"\" data-mrf-recirculation=\"Recomenda\u00e7\u00e3o meio do texto\">Antes de subir no trio el\u00e9trico, ele disse n\u00e3o ter consci\u00eancia de poss\u00edvel cr\u00edtica do PL em rela\u00e7\u00e3o \u00e0 sua candidatura. Na sexta-feira, a coluna de Bela Megale revelou que integrantes do partido avaliaram que a escolha de Jair Bolsonaro pelo nome de Ramagem para disputar a prefeitura do Rio teria sido &#8220;um erro&#8221;.\n<\/p>\n<\/div>\n<div class=\"mc-column content-text active-extra-styles\" data-block-type=\"unstyled\" data-block-weight=\"42\" data-block-id=\"8\">\n<p class=\"content-text__container\" data-track-category=\"Link no Texto\" data-track-links=\"\" data-mrf-recirculation=\"Recomenda\u00e7\u00e3o meio do texto\">\u2014 Se houver isso, \u00e9 um PL que n\u00e3o est\u00e1 querendo que o pr\u00f3prio partido cres\u00e7a. N\u00f3s somos os grandes representantes, estamos mostrando nossas propostas, estamos crescendo no Rio de Janeiro. Vamos chegar no segundo turno e virar essas elei\u00e7\u00f5es \u2014 afirmou.\n<\/p>\n<\/div>\n<div class=\"mc-column content-text active-extra-styles\" data-block-type=\"unstyled\" data-block-weight=\"20\" data-block-id=\"9\">\n<p class=\"content-text__container\" data-track-category=\"Link no Texto\" data-track-links=\"\" data-mrf-recirculation=\"Recomenda\u00e7\u00e3o meio do texto\">J\u00e1 no trio el\u00e9trico, Ramagem voltou a atacar Paes e dizer que ele n\u00e3o cumpriu suas promessas na seguran\u00e7a p\u00fablica.\n<\/p>\n<\/div>\n<div class=\"mc-column content-text active-extra-styles\" data-block-type=\"unstyled\" data-block-weight=\"35\" data-block-id=\"10\">\n<p class=\"content-text__container\" data-track-category=\"Link no Texto\" data-track-links=\"\" data-mrf-recirculation=\"Recomenda\u00e7\u00e3o meio do texto\">\u2014 Vamos tirar esse prefeito que promete e n\u00e3o faz, um prefeito que prometeu seguran\u00e7a, ordem, integra\u00e7\u00e3o e n\u00e3o fez. Eles est\u00e3o desesperados que n\u00f3s estamos crescendo. Vamos virar e ganhar essa elei\u00e7\u00e3o \u2014 afirmou.\n<\/p>\n<\/div>\n<div class=\"mc-column content-text active-extra-styles\" data-block-type=\"unstyled\" data-block-weight=\"21\" data-block-id=\"11\">\n<p class=\"content-text__container\" data-track-category=\"Link no Texto\" data-track-links=\"\" data-mrf-recirculation=\"Recomenda\u00e7\u00e3o meio do texto\">Al\u00e9m de Nikolas e Carlos Bolsonaro, a carreata tamb\u00e9m contou com a participa\u00e7\u00e3o do PL em peso, Altineu Cort\u00eas, Bruno Bonetti,\n<\/p>\n<div class=\"no-paywall\">\n<div class=\"wall protected-content\">\n<div data-track-category=\"multicontent\" data-track-action=\"ultimo chunk conteudo\" data-track-noninteraction=\"false\" data-track-scroll=\"view\">\n<div class=\"mc-column content-text active-extra-styles\" data-block-type=\"unstyled\" data-block-weight=\"14\" data-block-id=\"13\">\n<p class=\"content-text__container\" data-track-category=\"Link no Texto\" data-track-links=\"\" data-mrf-recirculation=\"Recomenda\u00e7\u00e3o meio do texto\">General Pazuello, S\u00f3stenes Cavalcanti, Thiago Gagliasso, Anderson Moraes, Rog\u00e9rio Amorim, entre outros aliados.<\/p>\n<p class=\"content-text__container\" data-track-category=\"Link no Texto\" data-track-links=\"\" data-mrf-recirculation=\"Recomenda\u00e7\u00e3o meio do texto\">Globo\u00a0\n<\/p>\n<\/div>\n<\/div>\n<\/div>\n<\/div>\n<section id=\"passador-materia\" class=\"passador-materia\" data-mrf-recirculation=\"Passador de mat\u00e9ria\" data-gtm-vis-recent-on-screen920778_616=\"230532\" data-gtm-vis-first-on-screen920778_616=\"230532\" data-gtm-vis-total-visible-time920778_616=\"100\" data-gtm-vis-has-fired920778_616=\"1\"\/>\n<\/div>\n<\/div>\n<p><br \/>\n<br \/><a href=\"https:\/\/diariodobrasilnoticias.com.br\/noticia\/carreata-de-ramagem-com-nikolas-tem-carlos-bolsonaro-de-colete-a-prova-de-balas-66f86f525e86e\">Source link <\/a><\/p>","protected":false},"excerpt":{"rendered":"<p>Quando foi questionado sobre os pastores que est\u00e3o dando apoio ao seu advers\u00e1rio Eduardo Paes (PSD), ele minimizou a quest\u00e3o e disse que os religiosos sabem quem &#8220;verdadeiramente defende os&hellip;<\/p>","protected":false},"author":1,"featured_media":42881,"comment_status":"closed","ping_status":"open","sticky":false,"template":"","format":"standard","meta":{"content-type":"","footnotes":""},"categories":[16],"tags":[123,2448,5313,1267],"class_list":["post-42880","post","type-post","status-publish","format-standard","has-post-thumbnail","hentry","category-noticias","tag-brasil","tag-diario","tag-noticia","tag-noticias"],"_links":{"self":[{"href":"https:\/\/tvbrazilusa.com\/pt\/wp-json\/wp\/v2\/posts\/42880","targetHints":{"allow":["GET"]}}],"collection":[{"href":"https:\/\/tvbrazilusa.com\/pt\/wp-json\/wp\/v2\/posts"}],"about":[{"href":"https:\/\/tvbrazilusa.com\/pt\/wp-json\/wp\/v2\/types\/post"}],"author":[{"embeddable":true,"href":"https:\/\/tvbrazilusa.com\/pt\/wp-json\/wp\/v2\/users\/1"}],"replies":[{"embeddable":true,"href":"https:\/\/tvbrazilusa.com\/pt\/wp-json\/wp\/v2\/comments?post=42880"}],"version-history":[{"count":1,"href":"https:\/\/tvbrazilusa.com\/pt\/wp-json\/wp\/v2\/posts\/42880\/revisions"}],"predecessor-version":[{"id":42882,"href":"https:\/\/tvbrazilusa.com\/pt\/wp-json\/wp\/v2\/posts\/42880\/revisions\/42882"}],"wp:featuredmedia":[{"embeddable":true,"href":"https:\/\/tvbrazilusa.com\/pt\/wp-json\/wp\/v2\/media\/42881"}],"wp:attachment":[{"href":"https:\/\/tvbrazilusa.com\/pt\/wp-json\/wp\/v2\/media?parent=42880"}],"wp:term":[{"taxonomy":"category","embeddable":true,"href":"https:\/\/tvbrazilusa.com\/pt\/wp-json\/wp\/v2\/categories?post=42880"},{"taxonomy":"post_tag","embeddable":true,"href":"https:\/\/tvbrazilusa.com\/pt\/wp-json\/wp\/v2\/tags?post=42880"}],"curies":[{"name":"wp","href":"https:\/\/api.w.org\/{rel}","templated":true}]}}