{"id":42964,"date":"2024-09-29T11:33:52","date_gmt":"2024-09-29T11:33:52","guid":{"rendered":"https:\/\/tvbrazilusa.com\/2024\/09\/29\/o-apresentador-edu-guedes-realiza-sonho-ao-comprar-caminhao-de-guerra-veja\/"},"modified":"2024-09-29T11:33:53","modified_gmt":"2024-09-29T11:33:53","slug":"o-apresentador-edu-guedes-realiza-sonho-ao-comprar-caminhao-de-guerra-veja","status":"publish","type":"post","link":"https:\/\/tvbrazilusa.com\/pt\/2024\/09\/29\/o-apresentador-edu-guedes-realiza-sonho-ao-comprar-caminhao-de-guerra-veja\/","title":{"rendered":"O apresentador Edu Guedes realiza sonho ao comprar caminh\u00e3o de guerra; veja"},"content":{"rendered":"<p> <script async src=\"https:\/\/pagead2.googlesyndication.com\/pagead\/js\/adsbygoogle.js?client=ca-pub-8864793242727901\"\r\n     crossorigin=\"anonymous\"><\/script><br \/>\n<\/p>\n<div id=\"taboola-read-more\" style=\"display:block; width:100%\">\n<p>O apresentador Edu Guedes, 50, contou, em um v\u00eddeo publicado em seu canal do YouTube, na quarta-feira (25), que realizou um sonho de comprar um caminh\u00e3o antigo de guerra. Ele passeou no ve\u00edculo com sua noiva, a apresentadora Ana Hickmann, 43, que aprovou a compra do amado. Confira abaixo especifica\u00e7\u00f5es do ve\u00edculo e veja foto.\n<\/p>\n<p>Trata-se de um ve\u00edculo da Mercedes-Benz que, possivelmente, pertenceu ao Ex\u00e9rcito Brasileiro, em uma vers\u00e3o U 100L, motor a diesel, cinco cilindros turbo intercooler, cambio manual de cinco marchas.<\/p>\n<p>O apresentador mostrou detalhes do carro. Na legenda da publica\u00e7\u00e3o, Edu Guedes escreveu: \u201cRealizei um sonho: ter o meu caminh\u00e3o\u201d,\n<\/p>\n<p>\u201cEstou animado em compartilhar com voc\u00eas a minha nova conquista: o caminh\u00e3o dos meus sonhos! Sempre fui apaixonado por caminh\u00f5es e, finalmente, consegui realizar esse desejo. A Ana tamb\u00e9m adorou e foi muito bom passear e dar uma volta juntos\u201d, disse.\n<\/p>\n<p>Fonte: CNN <\/p>\n<\/div>\n<p><br \/>\n<br \/><a href=\"https:\/\/diariodobrasilnoticias.com.br\/noticia\/o-apresentador-edu-guedes-realiza-sonho-ao-comprar-caminhao-de-guerra-veja-66f937f201087\">Source link <\/a><\/p>","protected":false},"excerpt":{"rendered":"<p>O apresentador Edu Guedes, 50, contou, em um v\u00eddeo publicado em seu canal do YouTube, na quarta-feira (25), que realizou um sonho de comprar um caminh\u00e3o antigo de guerra. Ele&hellip;<\/p>","protected":false},"author":1,"featured_media":42965,"comment_status":"closed","ping_status":"open","sticky":false,"template":"","format":"standard","meta":{"content-type":"","footnotes":""},"categories":[16],"tags":[123,2448,5313,1267],"class_list":["post-42964","post","type-post","status-publish","format-standard","has-post-thumbnail","hentry","category-noticias","tag-brasil","tag-diario","tag-noticia","tag-noticias"],"_links":{"self":[{"href":"https:\/\/tvbrazilusa.com\/pt\/wp-json\/wp\/v2\/posts\/42964","targetHints":{"allow":["GET"]}}],"collection":[{"href":"https:\/\/tvbrazilusa.com\/pt\/wp-json\/wp\/v2\/posts"}],"about":[{"href":"https:\/\/tvbrazilusa.com\/pt\/wp-json\/wp\/v2\/types\/post"}],"author":[{"embeddable":true,"href":"https:\/\/tvbrazilusa.com\/pt\/wp-json\/wp\/v2\/users\/1"}],"replies":[{"embeddable":true,"href":"https:\/\/tvbrazilusa.com\/pt\/wp-json\/wp\/v2\/comments?post=42964"}],"version-history":[{"count":1,"href":"https:\/\/tvbrazilusa.com\/pt\/wp-json\/wp\/v2\/posts\/42964\/revisions"}],"predecessor-version":[{"id":42966,"href":"https:\/\/tvbrazilusa.com\/pt\/wp-json\/wp\/v2\/posts\/42964\/revisions\/42966"}],"wp:featuredmedia":[{"embeddable":true,"href":"https:\/\/tvbrazilusa.com\/pt\/wp-json\/wp\/v2\/media\/42965"}],"wp:attachment":[{"href":"https:\/\/tvbrazilusa.com\/pt\/wp-json\/wp\/v2\/media?parent=42964"}],"wp:term":[{"taxonomy":"category","embeddable":true,"href":"https:\/\/tvbrazilusa.com\/pt\/wp-json\/wp\/v2\/categories?post=42964"},{"taxonomy":"post_tag","embeddable":true,"href":"https:\/\/tvbrazilusa.com\/pt\/wp-json\/wp\/v2\/tags?post=42964"}],"curies":[{"name":"wp","href":"https:\/\/api.w.org\/{rel}","templated":true}]}}