{"id":42973,"date":"2024-09-29T12:11:26","date_gmt":"2024-09-29T12:11:26","guid":{"rendered":"https:\/\/tvbrazilusa.com\/2024\/09\/29\/cara-de-pau-motorista-usa-placa-falsa-de-carro-oficial-no-df-e-e-preso-pela-pm\/"},"modified":"2024-09-29T12:11:27","modified_gmt":"2024-09-29T12:11:27","slug":"cara-de-pau-motorista-usa-placa-falsa-de-carro-oficial-no-df-e-e-preso-pela-pm","status":"publish","type":"post","link":"https:\/\/tvbrazilusa.com\/pt\/2024\/09\/29\/cara-de-pau-motorista-usa-placa-falsa-de-carro-oficial-no-df-e-e-preso-pela-pm\/","title":{"rendered":"Cara de pau: motorista usa placa falsa de carro oficial no DF e \u00e9 preso pela PM"},"content":{"rendered":"<p> <script async src=\"https:\/\/pagead2.googlesyndication.com\/pagead\/js\/adsbygoogle.js?client=ca-pub-8864793242727901\"\r\n     crossorigin=\"anonymous\"><\/script><br \/>\n<\/p>\n<div id=\"taboola-read-more\" style=\"display:block; width:100%\">\n<p>Um homem que se passava por motorista de aplicativo foi preso pela Pol\u00edcia Militar do Distrito Federal (PMDF), nessa sexta-feira (27\/9), no Lago Sul. Segundo a corpora\u00e7\u00e3o, o detido utilizava placas de ve\u00edculos oficiais para transportar executivos pelo Distrito Federal.\n<\/p>\n<p>Durante ronda, militares abordaram o suspeito circulando com um ve\u00edculo de luxo, modelo Ford Fusion, pela \u00e1rea nobre de Bras\u00edlia.<\/p>\n<p>No momento da abordagem, os policiais constataram que, al\u00e9m da placa falsa, o motorista tamb\u00e9m ocultava os n\u00fameros de identifica\u00e7\u00e3o do chassi de todos os vidros, instalou no carro estrobos luminosos semelhantes a sirenes de viaturas policiais e utilizava diversas outras placas com s\u00edmbolos do bras\u00e3o da Rep\u00fablica e de \u00f3rg\u00e3os p\u00fablicos.\n<\/p>\n<p>O homem foi preso em flagrante por uso indevido ou falsifica\u00e7\u00e3o de selos e s\u00edmbolos nacionais e adultera\u00e7\u00e3o de sinais identificadores veiculares. Se condenado, poder\u00e1 pegar at\u00e9 8 anos de pris\u00e3o.\n<\/p>\n<p>A ocorr\u00eancia foi registrada na 1\u00aa Delegacia de Pol\u00edcia (Asa Sul).\n<\/p>\n<p>Fonte: Metr\u00f3poles <\/p>\n<\/div>\n<p><br \/>\n<br \/><a href=\"https:\/\/diariodobrasilnoticias.com.br\/noticia\/cara-de-pau-motorista-usa-placa-falsa-de-carro-oficial-no-df-e-e-preso-pela-pm-66f940bc8d0bb\">Source link <\/a><\/p>","protected":false},"excerpt":{"rendered":"<p>Um homem que se passava por motorista de aplicativo foi preso pela Pol\u00edcia Militar do Distrito Federal (PMDF), nessa sexta-feira (27\/9), no Lago Sul. Segundo a corpora\u00e7\u00e3o, o detido utilizava&hellip;<\/p>","protected":false},"author":1,"featured_media":42974,"comment_status":"closed","ping_status":"open","sticky":false,"template":"","format":"standard","meta":{"content-type":"","footnotes":""},"categories":[16],"tags":[123,2448,5313,1267],"class_list":["post-42973","post","type-post","status-publish","format-standard","has-post-thumbnail","hentry","category-noticias","tag-brasil","tag-diario","tag-noticia","tag-noticias"],"_links":{"self":[{"href":"https:\/\/tvbrazilusa.com\/pt\/wp-json\/wp\/v2\/posts\/42973","targetHints":{"allow":["GET"]}}],"collection":[{"href":"https:\/\/tvbrazilusa.com\/pt\/wp-json\/wp\/v2\/posts"}],"about":[{"href":"https:\/\/tvbrazilusa.com\/pt\/wp-json\/wp\/v2\/types\/post"}],"author":[{"embeddable":true,"href":"https:\/\/tvbrazilusa.com\/pt\/wp-json\/wp\/v2\/users\/1"}],"replies":[{"embeddable":true,"href":"https:\/\/tvbrazilusa.com\/pt\/wp-json\/wp\/v2\/comments?post=42973"}],"version-history":[{"count":1,"href":"https:\/\/tvbrazilusa.com\/pt\/wp-json\/wp\/v2\/posts\/42973\/revisions"}],"predecessor-version":[{"id":42975,"href":"https:\/\/tvbrazilusa.com\/pt\/wp-json\/wp\/v2\/posts\/42973\/revisions\/42975"}],"wp:featuredmedia":[{"embeddable":true,"href":"https:\/\/tvbrazilusa.com\/pt\/wp-json\/wp\/v2\/media\/42974"}],"wp:attachment":[{"href":"https:\/\/tvbrazilusa.com\/pt\/wp-json\/wp\/v2\/media?parent=42973"}],"wp:term":[{"taxonomy":"category","embeddable":true,"href":"https:\/\/tvbrazilusa.com\/pt\/wp-json\/wp\/v2\/categories?post=42973"},{"taxonomy":"post_tag","embeddable":true,"href":"https:\/\/tvbrazilusa.com\/pt\/wp-json\/wp\/v2\/tags?post=42973"}],"curies":[{"name":"wp","href":"https:\/\/api.w.org\/{rel}","templated":true}]}}