{"id":42982,"date":"2024-09-29T12:41:52","date_gmt":"2024-09-29T12:41:52","guid":{"rendered":"https:\/\/tvbrazilusa.com\/2024\/09\/29\/seca-se-agrava-e-afeta-diretamente-o-volume-de-agua-nas-hidreletricas-previsao-aponta-que-reservatorios-fiquem-abaixo-dos-40-em-outubro\/"},"modified":"2024-09-29T12:41:54","modified_gmt":"2024-09-29T12:41:54","slug":"seca-se-agrava-e-afeta-diretamente-o-volume-de-agua-nas-hidreletricas-previsao-aponta-que-reservatorios-fiquem-abaixo-dos-40-em-outubro","status":"publish","type":"post","link":"https:\/\/tvbrazilusa.com\/pt\/2024\/09\/29\/seca-se-agrava-e-afeta-diretamente-o-volume-de-agua-nas-hidreletricas-previsao-aponta-que-reservatorios-fiquem-abaixo-dos-40-em-outubro\/","title":{"rendered":"Seca se agrava e afeta diretamente o volume de \u00e1gua nas hidrel\u00e9tricas; previs\u00e3o aponta que reservat\u00f3rios fiquem abaixo dos 40% em outubro"},"content":{"rendered":"<p> <script async src=\"https:\/\/pagead2.googlesyndication.com\/pagead\/js\/adsbygoogle.js?client=ca-pub-8864793242727901\"\r\n     crossorigin=\"anonymous\"><\/script><br \/>\n<\/p>\n<div id=\"taboola-read-more\" style=\"display:block; width:100%\">\n<p>A seca deve se agravar no m\u00eas de outubro e fazer com que o n\u00edvel de \u00e1gua das hidrel\u00e9tricas caia pelo 6\u00ba m\u00eas seguido. As proje\u00e7\u00f5es do ONS (Operador Nacional do Sistema El\u00e9trico) s\u00e3o de que o volume de \u00e1gua armazenada deve cair para menos de 40% no subsistema Sudeste\/Centro-Oeste, que concentra 70% dos reservat\u00f3rios do pa\u00eds.\n<\/p>\n<p>Ao longo de outubro, a previs\u00e3o do tempo indica que as chuvas devem voltar gradualmente, mas em n\u00edveis baixos e insuficientes para aumentar a aflu\u00eancia dos rios ou recompor os reservat\u00f3rios das grandes usinas hidrel\u00e9tricas. Com isso, a vaz\u00e3o deve seguir baixa e o volume de \u00e1gua armazenada cair ainda mais at\u00e9 o final do pr\u00f3ximo m\u00eas.<\/p>\n<p>O subsistema Sudeste\/Centro-Oeste, que \u00e9 o principal do pa\u00eds, tinha um n\u00edvel de \u00e1gua armazenada para gerar energia de 72,9% em abril. O per\u00edodo seco mais severo em 2024 fez esse volume entrar em queda livre. Chegou a 55,7% em agosto e est\u00e1 em 42,7% neste final de setembro. Para outubro, a expectativa atual \u00e9 que fique em 39,9%.\n<\/p>\n<p>Outros 2 subsistemas relevantes para o setor el\u00e9trico, o Sul e o Nordeste tamb\u00e9m est\u00e3o em queda. Este \u00faltimo estava com n\u00edvel m\u00e9dio de 78% em abril. Caminha para fechar setembro com 50%. Para outubro, a proje\u00e7\u00e3o do ONS \u00e9 que o n\u00edvel das grandes usinas no Nordeste termine em 44,2%.\n<\/p>\n<\/p>\n<p>J\u00e1 a regi\u00e3o Sul \u00e9 o caso mais emblem\u00e1tico desta seca. O subsistema atingiu n\u00edvel de quase 95% em maio com as fortes enchentes no Rio Grande do Sul e parte de Santa Catarina. De l\u00e1 para c\u00e1 despencou com a aus\u00eancia quase total de chuvas. Em outubro, o volume na regi\u00e3o deve fechar em 53,7%.\n<\/p>\n<p>Tradicionalmente, outubro \u00e9 o m\u00eas mais delicado de opera\u00e7\u00e3o do sistema el\u00e9trico. Por ser o final do per\u00edodo de estiagem, o n\u00edvel dos reservat\u00f3rios est\u00e1 sempre mais baixo. Mas neste ano, a seca recorde piorou e muito a situa\u00e7\u00e3o, o que tem pressionado o sistema el\u00e9trico sobretudo nos hor\u00e1rios de maior consumo de energia.\n<\/p>\n<p>\u201cAs proje\u00e7\u00f5es para o pr\u00f3ximo m\u00eas permanecem com aflu\u00eancias abaixo da m\u00e9dia nas principais bacias. Esse fator combinado com a expectativa de temperaturas mais elevadas do que o hist\u00f3rico para o m\u00eas de outubro deixa o sistema el\u00e9trico mais pressionado, principalmente nos hor\u00e1rios da ponta de carga (horas de pico). No entanto, o sistema disp\u00f5e dos recursos necess\u00e1rios para o atendimento da demanda\u201d, diz Christiano Vieira, diretor de Opera\u00e7\u00e3o do ONS.\n<\/p>\n<p>10 hidrel\u00e9tricas com volume abaixo de 40%<br \/>Antes mesmo de outubro chegar, 10 grandes hidrel\u00e9tricas j\u00e1 operam com n\u00edveis abaixo de 40%. \u00c9 um sinal de alerta vermelho para o sistema, sobretudo porque nessa lista h\u00e1 usinas relevantes para o abastecimento do pa\u00eds, como a de Furnas, em Minas Gerais.\n<\/p>\n<p>O reservat\u00f3rio de Furnas apresenta n\u00edvel de 38,6%, segundo dados at\u00e9 28 de setembro. At\u00e9 o final de agosto, o volume de \u00e1gua do lago era de 51%. Outra relevante usina, a de Emborca\u00e7\u00e3o, localizada entre Goi\u00e1s e Minas Gerais, est\u00e1 com n\u00edvel de 48,4%.\n<\/p>\n<p><img fetchpriority=\"high\" decoding=\"async\" src=\"https:\/\/static.poder360.com.br\/2024\/09\/niveis-reservatorios-brasil-28-set-2024.png\" alt=\"\" width=\"3333\" height=\"10025\"\/>\n<\/p>\n<p>Os dados n\u00e3o consideram as pequenas e m\u00e9dias hidrel\u00e9tricas e nem as usinas a fio d\u2019\u00e1gua, ou seja, aquelas constru\u00eddas sem grandes reservat\u00f3rios de armazenamento e que geram energia basicamente com a \u00e1gua do fluxo normal do rio.\n<\/p>\n<p>Esse \u00e9 o caso das usinas de Belo Monte (PA) e de Santo Ant\u00f4nio (RO), que s\u00e3o grandes hidrel\u00e9tricas na regi\u00e3o Norte, mas que t\u00eam gera\u00e7\u00e3o limitada a vaz\u00e3o dos rios. Como mostrou o Poder360, atualmente est\u00e3o gerando cerca de 3% e 10% da capacidade, respectivamente.\n<\/p>\n<p><strong>Demanda sobe\u2026 e conta de luz tamb\u00e9m<\/strong>\n<\/p>\n<p>O clima tem provocado uma combina\u00e7\u00e3o perigosa para o sistema el\u00e9trico. Enquanto a vaz\u00e3o dos rios tem diminu\u00eddo e consequentemente os n\u00edveis das hidrel\u00e9tricas tamb\u00e9m, a demanda por energia tem aumentado por causa das altas temperaturas. O calor tem elevado cada vez mais o consumo, com o uso de aparelhos como ar condicionado.\n<\/p>\n<p>Para outubro, o ONS projeta que esse cen\u00e1rio continuar\u00e1. A demanda por energia no pa\u00eds deve aumentar 4,7% no pr\u00f3ximo m\u00eas. Entre os subsistemas, a expans\u00e3o mais expressiva deve ser registrada no Norte, com alta de 10,4% no consumo. No Sudeste\/Centro-Oeste, o crescimento estimado \u00e9 de 4,8%. Os avan\u00e7os no Sul e no Nordeste podem chegar a 2,9% e 2,8%, respectivamente.\n<\/p>\n<p>Como reflexo, a conta de luz tamb\u00e9m subir\u00e1. \u00c9 que o custo de gera\u00e7\u00e3o de energia aumenta por causa da seca, sendo necess\u00e1rio cada vez mais usinas t\u00e9rmicas, que s\u00e3o mais caras. E com o consumo crescente de eletricidade, \u00e9 preciso contratar ainda mais essa gera\u00e7\u00e3o de energia a pre\u00e7os mais elevados.\n<\/p>\n<p>Para outubro, a Aneel (Ag\u00eancia Nacional de Energia El\u00e9trica) acionou a bandeira vermelha n\u00edvel 2 em outubro. O patamar \u00e9 o que tem maior cobran\u00e7a adicional na conta de luz.\n<\/p>\n<p>Haver\u00e1 cobran\u00e7a extra de R$ 7,87 a cada 100 KWh (quilowatt-hora) consumidos. Al\u00e9m do bolso do consumidor, a medida deve impactar o \u00edndice de infla\u00e7\u00e3o no pr\u00f3ximo m\u00eas. Em setembro, est\u00e1 em vigor a bandeira vermelha n\u00edvel 1, que tem cobran\u00e7a adicional de R$ 4,46 a cada 100 KWh.\n<\/p>\n<p>Segundo a ag\u00eancia reguladora, os fatores que acionaram a bandeira vermelha foram:\n<\/p>\n<p>o GSF (risco hidrol\u00f3gico);<br \/>o aumento do PDL (Pre\u00e7o de Liquida\u00e7\u00e3o de Diferen\u00e7as), que \u00e9 o pre\u00e7o de refer\u00eancia da energia;<br \/>A Aneel diz que esses indicadores foram influenciados pelas previs\u00f5es de um menor volume de \u00e1gua chegando nos reservat\u00f3rios das hidrel\u00e9tricas, por causa da falta de chuvas. Isso provoca a eleva\u00e7\u00e3o do pre\u00e7o do mercado de energia ao longo do m\u00eas de outubro, uma vez que ser\u00e1 necess\u00e1ria maior gera\u00e7\u00e3o de termel\u00e9tricas.\n<\/p>\n<p>Cada bandeira \u00e9 acionada conforme o cen\u00e1rio energ\u00e9tico, que varia de favor\u00e1vel (verde) a desfavor\u00e1vel (vermelha patamar 2), quando a cobran\u00e7a extra \u00e9 maior. Eis os valores adicionais em cada patamar:\n<\/p>\n<p><img decoding=\"async\" src=\"https:\/\/static.poder360.com.br\/2024\/04\/bandeiras-tarifarias-25-abr-2024-1694x2048.png\" alt=\"\" width=\"1694\" height=\"2048\"\/>\n<\/p>\n<p>Fonte: Poder360 <\/p>\n<\/div>\n<p><br \/>\n<br \/><a href=\"https:\/\/diariodobrasilnoticias.com.br\/noticia\/seca-se-agrava-e-afeta-diretamente-o-volume-de-agua-nas-hidreletricas-previsao-aponta-que-reservatorios-fiquem-abaixo-dos-40-em-outubro-66f948f729a81\">Source link <\/a><\/p>","protected":false},"excerpt":{"rendered":"<p>A seca deve se agravar no m\u00eas de outubro e fazer com que o n\u00edvel de \u00e1gua das hidrel\u00e9tricas caia pelo 6\u00ba m\u00eas seguido. As proje\u00e7\u00f5es do ONS (Operador Nacional&hellip;<\/p>","protected":false},"author":1,"featured_media":42983,"comment_status":"closed","ping_status":"open","sticky":false,"template":"","format":"standard","meta":{"content-type":"","footnotes":""},"categories":[16],"tags":[123,2448,5313,1267],"class_list":["post-42982","post","type-post","status-publish","format-standard","has-post-thumbnail","hentry","category-noticias","tag-brasil","tag-diario","tag-noticia","tag-noticias"],"_links":{"self":[{"href":"https:\/\/tvbrazilusa.com\/pt\/wp-json\/wp\/v2\/posts\/42982","targetHints":{"allow":["GET"]}}],"collection":[{"href":"https:\/\/tvbrazilusa.com\/pt\/wp-json\/wp\/v2\/posts"}],"about":[{"href":"https:\/\/tvbrazilusa.com\/pt\/wp-json\/wp\/v2\/types\/post"}],"author":[{"embeddable":true,"href":"https:\/\/tvbrazilusa.com\/pt\/wp-json\/wp\/v2\/users\/1"}],"replies":[{"embeddable":true,"href":"https:\/\/tvbrazilusa.com\/pt\/wp-json\/wp\/v2\/comments?post=42982"}],"version-history":[{"count":1,"href":"https:\/\/tvbrazilusa.com\/pt\/wp-json\/wp\/v2\/posts\/42982\/revisions"}],"predecessor-version":[{"id":42984,"href":"https:\/\/tvbrazilusa.com\/pt\/wp-json\/wp\/v2\/posts\/42982\/revisions\/42984"}],"wp:featuredmedia":[{"embeddable":true,"href":"https:\/\/tvbrazilusa.com\/pt\/wp-json\/wp\/v2\/media\/42983"}],"wp:attachment":[{"href":"https:\/\/tvbrazilusa.com\/pt\/wp-json\/wp\/v2\/media?parent=42982"}],"wp:term":[{"taxonomy":"category","embeddable":true,"href":"https:\/\/tvbrazilusa.com\/pt\/wp-json\/wp\/v2\/categories?post=42982"},{"taxonomy":"post_tag","embeddable":true,"href":"https:\/\/tvbrazilusa.com\/pt\/wp-json\/wp\/v2\/tags?post=42982"}],"curies":[{"name":"wp","href":"https:\/\/api.w.org\/{rel}","templated":true}]}}