{"id":42997,"date":"2024-09-29T13:33:55","date_gmt":"2024-09-29T13:33:55","guid":{"rendered":"https:\/\/tvbrazilusa.com\/2024\/09\/29\/lula-viaja-novamente-para-o-exterior-enquanto-bolsonaro-tera-uma-semana-eleitoral-intensa\/"},"modified":"2024-09-29T13:34:03","modified_gmt":"2024-09-29T13:34:03","slug":"lula-viaja-novamente-para-o-exterior-enquanto-bolsonaro-tera-uma-semana-eleitoral-intensa","status":"publish","type":"post","link":"https:\/\/tvbrazilusa.com\/pt\/2024\/09\/29\/lula-viaja-novamente-para-o-exterior-enquanto-bolsonaro-tera-uma-semana-eleitoral-intensa\/","title":{"rendered":"Lula viaja novamente para o exterior, enquanto Bolsonaro ter\u00e1 uma semana eleitoral intensa"},"content":{"rendered":"<p> <script async src=\"https:\/\/pagead2.googlesyndication.com\/pagead\/js\/adsbygoogle.js?client=ca-pub-8864793242727901\"\r\n     crossorigin=\"anonymous\"><\/script><br \/>\n<\/p>\n<div id=\"taboola-read-more\" style=\"display:block; width:100%\">\n<p>Em dezembro de 2023, o presidente Luiz In\u00e1cio Lula da Silva (PT) falou com a milit\u00e2ncia do PT que as elei\u00e7\u00f5es municipais de 2024 seriam uma disputa dele com o ex-presidente Jair Bolsonaro (PL). A uma semana do 1\u00ba turno, o petista embarca para o M\u00e9xico e diminui ainda mais as chances de participar de campanhas, enquanto seu advers\u00e1rio ter\u00e1 uma semana cheia de atos eleitorais em 4 Estados.\n<\/p>\n<p>\u201cEu, sinceramente, acho que nessa elei\u00e7\u00e3o vai acontecer um fen\u00f4meno, vai ser outra vez Lula e Bolsonaro disputando essas elei\u00e7\u00f5es no munic\u00edpio. E voc\u00eas sabem que n\u00e3o pode aceitar provoca\u00e7\u00e3o, n\u00e3o pode ficar com medo, n\u00e3o pode ficar com vergonha, n\u00e3o pode ficar com o rabo no meio das pernas\u201d, declarou o petista em dezembro de 2023.<\/p>\n<\/p>\n<p>Lula embarca neste domingo (29.set.2024) para a Cidade do M\u00e9xico. Acompanhar\u00e1 a posse da nova presidente do pa\u00eds, Claudia Sheinbaum. Ser\u00e1 a 8\u00aa viagem internacional do petista em 2024. Ao voltar ao Brasil, em 1\u00ba de outubro, o chefe de Estado ter\u00e1 passado 22 dias fora do pa\u00eds no ano at\u00e9 aqui.\n<\/p>\n<p>No M\u00e9xico, Lula n\u00e3o tem compromissos marcados para este domingo (29.set). Na 2\u00aa feira (30.set), entretanto, o presidente encontrar\u00e1 com seu aliado e presidente que est\u00e1 de sa\u00edda do cargo Andr\u00e9s Manuel L\u00f3pez Obrador e com sua sucessora, Claudia Sheinbaum.\n<\/p>\n<p>O petista tamb\u00e9m participa do f\u00f3rum Brasil-M\u00e9xico. Organizado por ApexBrasil, Minist\u00e9rio da Ind\u00fastria e Com\u00e9rcio e Itamaraty, o encontro deve reunir cerca de 300 empres\u00e1rios brasileiros e mexicanos de diferentes setores produtivos.\n<\/p>\n<p>Na 4\u00aa feira (1\u00ba.out), o presidente participa dos atos relacionados \u00e0 posse de Sheinbaum e retorna ao Brasil no mesmo dia. Na comitiva presidencial estar\u00e3o os ministros das Rela\u00e7\u00f5es Exteriores, Mauro Vieira, e das Mulheres, Cida Gon\u00e7alves. Al\u00e9m disso, o Poder360 contabilizou ao menos mais 27 assessores e seguran\u00e7as que acompanhar\u00e3o a viagem.\n<\/p>\n<p><img fetchpriority=\"high\" decoding=\"async\" src=\"https:\/\/static.poder360.com.br\/2024\/09\/lula-viaja-mexico-27-set-2024-1-2048x2048.png\" alt=\"\" width=\"2048\" height=\"2048\"\/>\n<\/p>\n<p><strong>BOLSONARO PR\u00c9-1\u00ba TURNO<\/strong>\n<\/p>\n<p>Enquanto isso, no Brasil, Bolsonaro vai para o interior de S\u00e3o Paulo tentar ajudar aliados em S\u00e3o Jos\u00e9 dos Campos, Taubat\u00e9 e Guaratinguet\u00e1.\n<\/p>\n<p>Lula deveria fazer seu tour por S\u00e3o Pulo no s\u00e1bado (28.set), mas cancelou antes mesmo de voltar dos Estados Unidos. O petista estava com a agenda apertada por viagens internacionais e participaria de atos eleitorais na capital e regi\u00e3o metropolitana.\n<\/p>\n<p>A ideia inicial do Planalto era que Lula aproveitasse o fim de semana no Brasil entre viagens a Nova York e ao M\u00e9xico para ajudar nas campanhas de Guilherme Boulos (Psol) e de outros candidatos aliados nos arredores da capital paulista.\n<\/p>\n<p>A vit\u00f3ria de Boulos \u00e9 considerada pelo presidente a maior prioridade eleitoral deste ano. No fim de agosto, Lula foi a 2 com\u00edcios ao lado do psolista em S\u00e3o Paulo. Tamb\u00e9m participou de propagandas eleitorais do candidato.\n<\/p>\n<p>A c\u00fapula do PT ainda n\u00e3o descarta que Lula v\u00e1 \u00e0 capital paulista antes do 1\u00ba turno. As datas para isso, entretanto, ficaram ainda mais escassas com o cancelamento.\n<\/p>\n<p>SEM PALANQUE FORA DE SP<br \/>O presidente n\u00e3o deve ter eventos 100% eleitorais fora de S\u00e3o Paulo nem no 2\u00ba turno. A expectativa \u00e9 que o petista fa\u00e7a atos institucionais nos Estados e aproveite viagens para gravar v\u00eddeos e estar com os candidatos, mas \u00e9 improv\u00e1vel que haja palanque, carros de som e similares.\n<\/p>\n<p>A equipe de Lula ainda estuda encaixar visitas como essas a Teresina e Recife antes do 1\u00ba turno. S\u00e3o as capitais com nomes aliados competitivos que faltam ser visitadas pelo chefe de Estado. Outra capital na mira \u00e9 Natal (RN). S\u00f3 que nenhuma das viagens foi confirmada.\n<\/p>\n<p>O Planalto mapeou 8 cidades em que candidatos do governo enfrentam nomes pr\u00f3ximos ao bolsonarismo: S\u00e3o Paulo, Rio de Janeiro, Bel\u00e9m, Rio Branco, Fortaleza, Teresina, Recife e Goi\u00e2nia. Ainda assim, poucas dessas devem receber Lula at\u00e9 o fim das elei\u00e7\u00f5es.\n<\/p>\n<p>At\u00e9 o PT est\u00e1 c\u00e9tico com a participa\u00e7\u00e3o de Lula nos pleitos municipais de forma mais ampla. O partido do presidente avalia que ele s\u00f3 subir\u00e1 em palanques se tiver certeza de que ser\u00e1 decisivo no resultado.\n<\/p>\n<p>A aus\u00eancia do principal nome do partido vem frustrando a c\u00fapula petista, que esperava maior engajamento do chefe do Executivo para conquistar ao menos uma prefeitura de capital.\n<\/p>\n<p>Para isso, entretanto, o presidente precisaria ir al\u00e9m do expediente para participar das campanhas. Isso porque a legisla\u00e7\u00e3o pro\u00edbe que agentes p\u00fablicos participem de atos eleitorais durante o hor\u00e1rio de trabalho. Tamb\u00e9m veta o uso de recursos p\u00fablicos para tal finalidade. Dessa forma, o PT teria que arcar com as viagens do presidente.\n<\/p>\n<p>Outro problema seria a log\u00edstica. Ainda que seja para um evento n\u00e3o oficial, a equipe de seguran\u00e7a, comandada pelo GSI (Gabinete de Seguran\u00e7a Institucional), e seus assessores trabalham antes e durante suas viagens.\n<\/p>\n<p>O PT gostaria que o presidente estivesse presente nas campanhas em Porto Alegre (RS), Belo Horizonte (MG), Fortaleza (CE), Vit\u00f3ria (ES), Natal (RN) e Goi\u00e2nia (GO). Em 2020, o partido n\u00e3o ganhou em nenhuma capital e espera reverter esse cen\u00e1rio em 2024.\n<\/p>\n<p>Fonte: Poder360 <\/p>\n<\/div>\n<p><br \/>\n<br \/><a href=\"https:\/\/diariodobrasilnoticias.com.br\/noticia\/lula-viaja-novamente-para-o-exterior-enquanto-bolsonaro-tera-uma-semana-eleitoral-intensa-66f94e873698e\">Source link <\/a><\/p>","protected":false},"excerpt":{"rendered":"<p>Em dezembro de 2023, o presidente Luiz In\u00e1cio Lula da Silva (PT) falou com a milit\u00e2ncia do PT que as elei\u00e7\u00f5es municipais de 2024 seriam uma disputa dele com o&hellip;<\/p>","protected":false},"author":1,"featured_media":42998,"comment_status":"closed","ping_status":"open","sticky":false,"template":"","format":"standard","meta":{"content-type":"","footnotes":""},"categories":[16],"tags":[123,2448,5313,1267],"class_list":["post-42997","post","type-post","status-publish","format-standard","has-post-thumbnail","hentry","category-noticias","tag-brasil","tag-diario","tag-noticia","tag-noticias"],"_links":{"self":[{"href":"https:\/\/tvbrazilusa.com\/pt\/wp-json\/wp\/v2\/posts\/42997","targetHints":{"allow":["GET"]}}],"collection":[{"href":"https:\/\/tvbrazilusa.com\/pt\/wp-json\/wp\/v2\/posts"}],"about":[{"href":"https:\/\/tvbrazilusa.com\/pt\/wp-json\/wp\/v2\/types\/post"}],"author":[{"embeddable":true,"href":"https:\/\/tvbrazilusa.com\/pt\/wp-json\/wp\/v2\/users\/1"}],"replies":[{"embeddable":true,"href":"https:\/\/tvbrazilusa.com\/pt\/wp-json\/wp\/v2\/comments?post=42997"}],"version-history":[{"count":1,"href":"https:\/\/tvbrazilusa.com\/pt\/wp-json\/wp\/v2\/posts\/42997\/revisions"}],"predecessor-version":[{"id":42999,"href":"https:\/\/tvbrazilusa.com\/pt\/wp-json\/wp\/v2\/posts\/42997\/revisions\/42999"}],"wp:featuredmedia":[{"embeddable":true,"href":"https:\/\/tvbrazilusa.com\/pt\/wp-json\/wp\/v2\/media\/42998"}],"wp:attachment":[{"href":"https:\/\/tvbrazilusa.com\/pt\/wp-json\/wp\/v2\/media?parent=42997"}],"wp:term":[{"taxonomy":"category","embeddable":true,"href":"https:\/\/tvbrazilusa.com\/pt\/wp-json\/wp\/v2\/categories?post=42997"},{"taxonomy":"post_tag","embeddable":true,"href":"https:\/\/tvbrazilusa.com\/pt\/wp-json\/wp\/v2\/tags?post=42997"}],"curies":[{"name":"wp","href":"https:\/\/api.w.org\/{rel}","templated":true}]}}