{"id":43000,"date":"2024-09-29T13:50:07","date_gmt":"2024-09-29T13:50:07","guid":{"rendered":"https:\/\/tvbrazilusa.com\/2024\/09\/29\/ministros-do-governo-lula-tiram-ferias-e-esvaziam-a-esplanada-dos-ministerios-para-participar-de-campanhas\/"},"modified":"2024-09-29T13:50:08","modified_gmt":"2024-09-29T13:50:08","slug":"ministros-do-governo-lula-tiram-ferias-e-esvaziam-a-esplanada-dos-ministerios-para-participar-de-campanhas","status":"publish","type":"post","link":"https:\/\/tvbrazilusa.com\/pt\/2024\/09\/29\/ministros-do-governo-lula-tiram-ferias-e-esvaziam-a-esplanada-dos-ministerios-para-participar-de-campanhas\/","title":{"rendered":"Ministros do governo Lula tiram f\u00e9rias e esvaziam a Esplanada dos Minist\u00e9rios para participar de campanhas"},"content":{"rendered":"<p> <script async src=\"https:\/\/pagead2.googlesyndication.com\/pagead\/js\/adsbygoogle.js?client=ca-pub-8864793242727901\"\r\n     crossorigin=\"anonymous\"><\/script><br \/>\n<\/p>\n<div id=\"taboola-read-more\" style=\"display:block; width:100%\">\n<p>Na reta final para as elei\u00e7\u00f5es municipais de 2024, ministros do governo Lula intensificam a participa\u00e7\u00e3o em campanhas. Ao menos 11 auxiliares do presidente Luiz In\u00e1cio Lula da Silva (PT) tiraram f\u00e9rias no per\u00edodo entre o final de setembro e in\u00edcio de outubro, que coincide com o primeiro turno, marcado para o pr\u00f3ximo domingo (6\/10).\n<\/p>\n<p>O \u00eaxodo de membros do primeiro escal\u00e3o deixou a Esplanada dos Minist\u00e9rios vazia nessa sexta-feira (27\/9), \u00e0s v\u00e9speras do fim do prazo para campanha. At\u00e9 a posse da nova ministra dos Direitos Humanos e da Cidadania, Maca\u00e9 Evaristo, teve baixo qu\u00f3rum, com apenas sete ministros presentes \u2014 a maioria, mulheres.<\/p>\n<p>Enquanto o presidente se mant\u00e9m pouco ativo nos palanques, integrantes do governo gastam sola de sapato nas ruas para eleger aliados. Candidatos podem fazer propaganda e atos de campanha at\u00e9 quinta-feira (3\/10), tr\u00eas dias antes das elei\u00e7\u00f5es.\n<\/p>\n<p>O ministro da Secretaria-Geral da Presid\u00eancia da Rep\u00fablica, M\u00e1rcio Mac\u00eado, viajou \u00e0 Bahia na sexta para participar de um evento em apoio \u00e0 candidatura de Ad\u00e9lia Pinheiro (PT), \u00e0 Prefeitura de Ilh\u00e9us. O titular da secretaria tamb\u00e9m gravou v\u00eddeos de apoio a candidatos baianos.\n<\/p>\n<p>Quem tamb\u00e9m vai refor\u00e7ar a campanha em Ilh\u00e9us no fim de semana \u00e9 a ministra da Cultura, Margareth Menezes, que participar\u00e1 de um ato no domingo (29\/9). J\u00e1 o ministro da Casa Civil, Rui Costa, deve marcar presen\u00e7a na campanha do petista Z\u00e9 Neto, candidato a prefeito em Feira de Santana.\n<\/p>\n<p><strong>Campanha no interior<\/strong>\n<\/p>\n<p>De f\u00e9rias do Minist\u00e9rio do Esporte, Andr\u00e9 Fufuca (PP) tem se dedicado a eventos de correligion\u00e1rios em munic\u00edpios no interior do Maranh\u00e3o. Desde o \u00faltimo final de semana, o auxiliar do presidente passou por ao menos nove cidades.\n<\/p>\n<p>O ministro da Pesca e Aquicultura, Andr\u00e9 de Paula (PSD), tamb\u00e9m tirou f\u00e9rias para intensificar a participa\u00e7\u00e3o em atos de campanha. Presidente do PSD em Pernambuco, de Paula tem feito uma peregrina\u00e7\u00e3o por cidades pequenas e tamb\u00e9m tenta eleger a filha D\u00e9a de Paula, como vereadora da capital, Recife.\n<\/p>\n<p>J\u00e1 o ministro da Educa\u00e7\u00e3o, Camilo Santana, est\u00e1 de f\u00e9rias at\u00e9 7 de outubro, um dia ap\u00f3s o pleito, e tem focado na campanha do PT no Cear\u00e1, onde j\u00e1 foi governador. Al\u00e9m de ter participado junto ao presidente Lula de um palanque para o candidato Evandro Leit\u00e3o (PT), que disputa a prefeitura de Fortaleza (CE), Camilo esteve em atos para postulantes em Iguatu (CE) e Juazeiro do Norte (CE).\n<\/p>\n<p>Entre os esfor\u00e7os do ministro, tamb\u00e9m houve carreatas e a presen\u00e7a dele em uma live do atual governador cearense, Elmano Freitas (PT).\n<\/p>\n<p>Em Pernambuco, a ministra Luciana Santos (Ci\u00eancia, Tecnologia e Inova\u00e7\u00f5es) tem marcado presen\u00e7a em eventos para candidatos alinhados ao partido de Lula. De f\u00e9rias at\u00e9 4 de outubro, Luciana tem auxiliado na campanha de Vinicius Castello (PT) para a prefeitura de Olinda.\n<\/p>\n<p>Apesar do PT n\u00e3o compor a chapa de reelei\u00e7\u00e3o do prefeito Jo\u00e3o Campos (PSB), de Recife, a sigla apoia a recondu\u00e7\u00e3o dele ao cargo e a ministra da Ci\u00eancia compareceu a agendas de Eduardo no estado.\n<\/p>\n<p><strong>Corrida em SP<\/strong>\n<\/p>\n<p>Luiz Marinho, ministro do Trabalho, tamb\u00e9m est\u00e1 no per\u00edodo de f\u00e9rias at\u00e9 o fim do primeiro turno eleitoral. O tempo tem sido investido nas candidaturas de Pedro Tourinho (PT), rumo \u00e0 prefeitura de Campinas (SP), e na de Luiz Fernando Teixeira (PT), para governar S\u00e3o Bernardo do Campo (SP).\n<\/p>\n<p>Em S\u00e3o Bernardo do Campo, o ministro Fernando Haddad, da Fazenda, tamb\u00e9m tem contribu\u00eddo. Haddad atuou como prefeito de S\u00e3o Paulo de 2013 a 2016.\n<\/p>\n<p>Veja os ministros que tiraram f\u00e9rias \u00e0s v\u00e9speras da elei\u00e7\u00e3o:\n<\/p>\n<p>Andr\u00e9 de Paula (Pesca e Aquicultura) \u2013 17\/9 a 4\/10\n<\/p>\n<p>Andr\u00e9 Fufuca (Esporte) \u2013 23\/9 a 4\/10\n<\/p>\n<p>Camilo Santana (Educa\u00e7\u00e3o) \u2013 23\/9 a 4\/10\n<\/p>\n<p>Jos\u00e9 M\u00facio (Defesa) \u2013 28\/9 a 4\/10\n<\/p>\n<p>Luciana Santos (Ci\u00eancia e Tecnologia) \u2013 27\/9 a 4\/10\n<\/p>\n<p>Luiz Marinho (Trabalho) \u2013 16\/9 a 4\/10\n<\/p>\n<p>M\u00e1rcio Mac\u00eado (Secretaria-Geral) \u2013 30\/9 a 4\/10\n<\/p>\n<p>Paulo Pimenta (Secretaria de Comunica\u00e7\u00e3o) \u2013 30\/9 a 4\/10\n<\/p>\n<p>Paulo Teixeira (Desenvolvimento Agr\u00e1rio e Agricultura Familiar) \u2013 23\/9 a 6\/10\n<\/p>\n<p>Renan Filho (Transportes) \u2013 30\/9 a 4\/10\n<\/p>\n<p>Waldez G\u00f3es (Integra\u00e7\u00e3o e Desenvolvimento Regional) \u2013 26 e 27\/9, e de 30\/9 a 4\/10\n<\/p>\n<p>Fonte: Metr\u00f3poles <\/p>\n<\/div>\n<p><br \/>\n<br \/><a href=\"https:\/\/diariodobrasilnoticias.com.br\/noticia\/ministros-do-governo-lula-tiram-ferias-e-esvaziam-a-esplanada-dos-ministerios-para-participar-de-campanhas-66f93da73c35f\">Source link <\/a><\/p>","protected":false},"excerpt":{"rendered":"<p>Na reta final para as elei\u00e7\u00f5es municipais de 2024, ministros do governo Lula intensificam a participa\u00e7\u00e3o em campanhas. Ao menos 11 auxiliares do presidente Luiz In\u00e1cio Lula da Silva (PT)&hellip;<\/p>","protected":false},"author":1,"featured_media":43001,"comment_status":"closed","ping_status":"open","sticky":false,"template":"","format":"standard","meta":{"content-type":"","footnotes":""},"categories":[16],"tags":[123,2448,5313,1267],"class_list":["post-43000","post","type-post","status-publish","format-standard","has-post-thumbnail","hentry","category-noticias","tag-brasil","tag-diario","tag-noticia","tag-noticias"],"_links":{"self":[{"href":"https:\/\/tvbrazilusa.com\/pt\/wp-json\/wp\/v2\/posts\/43000","targetHints":{"allow":["GET"]}}],"collection":[{"href":"https:\/\/tvbrazilusa.com\/pt\/wp-json\/wp\/v2\/posts"}],"about":[{"href":"https:\/\/tvbrazilusa.com\/pt\/wp-json\/wp\/v2\/types\/post"}],"author":[{"embeddable":true,"href":"https:\/\/tvbrazilusa.com\/pt\/wp-json\/wp\/v2\/users\/1"}],"replies":[{"embeddable":true,"href":"https:\/\/tvbrazilusa.com\/pt\/wp-json\/wp\/v2\/comments?post=43000"}],"version-history":[{"count":1,"href":"https:\/\/tvbrazilusa.com\/pt\/wp-json\/wp\/v2\/posts\/43000\/revisions"}],"predecessor-version":[{"id":43002,"href":"https:\/\/tvbrazilusa.com\/pt\/wp-json\/wp\/v2\/posts\/43000\/revisions\/43002"}],"wp:featuredmedia":[{"embeddable":true,"href":"https:\/\/tvbrazilusa.com\/pt\/wp-json\/wp\/v2\/media\/43001"}],"wp:attachment":[{"href":"https:\/\/tvbrazilusa.com\/pt\/wp-json\/wp\/v2\/media?parent=43000"}],"wp:term":[{"taxonomy":"category","embeddable":true,"href":"https:\/\/tvbrazilusa.com\/pt\/wp-json\/wp\/v2\/categories?post=43000"},{"taxonomy":"post_tag","embeddable":true,"href":"https:\/\/tvbrazilusa.com\/pt\/wp-json\/wp\/v2\/tags?post=43000"}],"curies":[{"name":"wp","href":"https:\/\/api.w.org\/{rel}","templated":true}]}}