{"id":43003,"date":"2024-09-29T14:03:17","date_gmt":"2024-09-29T14:03:17","guid":{"rendered":"https:\/\/tvbrazilusa.com\/2024\/09\/29\/projeto-que-tramita-no-senado-preve-legitima-defesa-em-casos-de-invasao-de-domicilio\/"},"modified":"2024-09-29T14:03:18","modified_gmt":"2024-09-29T14:03:18","slug":"projeto-que-tramita-no-senado-preve-legitima-defesa-em-casos-de-invasao-de-domicilio","status":"publish","type":"post","link":"https:\/\/tvbrazilusa.com\/pt\/2024\/09\/29\/projeto-que-tramita-no-senado-preve-legitima-defesa-em-casos-de-invasao-de-domicilio\/","title":{"rendered":"Projeto que tramita no Senado prev\u00ea leg\u00edtima defesa em casos de invas\u00e3o de domic\u00edlio"},"content":{"rendered":"<p> <script async src=\"https:\/\/pagead2.googlesyndication.com\/pagead\/js\/adsbygoogle.js?client=ca-pub-8864793242727901\"\r\n     crossorigin=\"anonymous\"><\/script><br \/>\n<\/p>\n<div id=\"taboola-read-more\" style=\"display:block; width:100%\">\n<p>Proposta que prev\u00ea a leg\u00edtima defesa nos casos de invas\u00e3o de domic\u00edlio est\u00e1 em tramita\u00e7\u00e3o no Senado. Trata-se do PL (projeto de lei) 748\/2024, de iniciativa do senador Wilder Morais (PL-GO), que altera o artigo 25 do C\u00f3digo Penal. O texto aguarda vota\u00e7\u00e3o na Comiss\u00e3o de Seguran\u00e7a P\u00fablica. O relator \u00e9 o senador Jaques Wagner (PT-BA). Depois, seguir\u00e1 para a CCJ (Comiss\u00e3o de Constitui\u00e7\u00e3o, Justi\u00e7a e Cidadania).\n<\/p>\n<p>Atualmente, a lei estabelece que age em leg\u00edtima defesa quem, usando moderadamente dos meios necess\u00e1rios, repele injusta agress\u00e3o, atual ou iminente, a direito seu ou de outra pessoa.<\/p>\n<p>Com a iniciativa, a leg\u00edtima defesa se estenderia ao agente que usar for\u00e7a letal para repelir invas\u00e3o de seu domic\u00edlio, resid\u00eancia, im\u00f3vel ou ve\u00edculo de sua propriedade, quando neles se encontrar. Al\u00e9m disso, a utiliza\u00e7\u00e3o de dispositivos de seguran\u00e7a na propriedade \u2013 como cacos de vidro em muros, cercas el\u00e9tricas, arame farpado, lan\u00e7as em port\u00f5es e c\u00e3es de guarda \u2013 seriam permitidos.\n<\/p>\n<p>Em justificativa, Wilder disse que em situa\u00e7\u00f5es de invas\u00e3o \u00e9 de se presumir que \u201co pior pode acontecer.\u201d\n<\/p>\n<p>\u201cA utiliza\u00e7\u00e3o moderada dos \u2018meios necess\u00e1rios\u2019, neste caso, deve compreender a utiliza\u00e7\u00e3o de for\u00e7a letal. Isso porque \u00e9 de presumir que o invasor esteja portando arma branca ou arma de fogo e que n\u00e3o titubear\u00e1 em utiliz\u00e1-la para conseguir o seu intento ou para evadir-se\u201d, declarou o senador, no projeto.\n<\/p>\n<p>Wilder afirmou que as regras foram inspiradas na Stand Your Ground Law, um conjunto de leis dos EUA que permite o uso de for\u00e7a letal em situa\u00e7\u00f5es de autodefesa contra crimes violentos como roubo, assalto, arrombamento, sequestro ou homic\u00eddio.\n<\/p>\n<p>Fonte: Poder360 <\/p>\n<\/div>\n<p><br \/>\n<br \/><a href=\"https:\/\/diariodobrasilnoticias.com.br\/noticia\/projeto-que-tramita-no-senado-preve-legitima-defesa-em-casos-de-invasao-de-domicilio-66f95aa65d4b1\">Source link <\/a><\/p>","protected":false},"excerpt":{"rendered":"<p>Proposta que prev\u00ea a leg\u00edtima defesa nos casos de invas\u00e3o de domic\u00edlio est\u00e1 em tramita\u00e7\u00e3o no Senado. Trata-se do PL (projeto de lei) 748\/2024, de iniciativa do senador Wilder Morais&hellip;<\/p>","protected":false},"author":1,"featured_media":43004,"comment_status":"closed","ping_status":"open","sticky":false,"template":"","format":"standard","meta":{"content-type":"","footnotes":""},"categories":[16],"tags":[123,2448,5313,1267],"class_list":["post-43003","post","type-post","status-publish","format-standard","has-post-thumbnail","hentry","category-noticias","tag-brasil","tag-diario","tag-noticia","tag-noticias"],"_links":{"self":[{"href":"https:\/\/tvbrazilusa.com\/pt\/wp-json\/wp\/v2\/posts\/43003","targetHints":{"allow":["GET"]}}],"collection":[{"href":"https:\/\/tvbrazilusa.com\/pt\/wp-json\/wp\/v2\/posts"}],"about":[{"href":"https:\/\/tvbrazilusa.com\/pt\/wp-json\/wp\/v2\/types\/post"}],"author":[{"embeddable":true,"href":"https:\/\/tvbrazilusa.com\/pt\/wp-json\/wp\/v2\/users\/1"}],"replies":[{"embeddable":true,"href":"https:\/\/tvbrazilusa.com\/pt\/wp-json\/wp\/v2\/comments?post=43003"}],"version-history":[{"count":1,"href":"https:\/\/tvbrazilusa.com\/pt\/wp-json\/wp\/v2\/posts\/43003\/revisions"}],"predecessor-version":[{"id":43005,"href":"https:\/\/tvbrazilusa.com\/pt\/wp-json\/wp\/v2\/posts\/43003\/revisions\/43005"}],"wp:featuredmedia":[{"embeddable":true,"href":"https:\/\/tvbrazilusa.com\/pt\/wp-json\/wp\/v2\/media\/43004"}],"wp:attachment":[{"href":"https:\/\/tvbrazilusa.com\/pt\/wp-json\/wp\/v2\/media?parent=43003"}],"wp:term":[{"taxonomy":"category","embeddable":true,"href":"https:\/\/tvbrazilusa.com\/pt\/wp-json\/wp\/v2\/categories?post=43003"},{"taxonomy":"post_tag","embeddable":true,"href":"https:\/\/tvbrazilusa.com\/pt\/wp-json\/wp\/v2\/tags?post=43003"}],"curies":[{"name":"wp","href":"https:\/\/api.w.org\/{rel}","templated":true}]}}