{"id":43051,"date":"2024-09-29T16:05:39","date_gmt":"2024-09-29T16:05:39","guid":{"rendered":"https:\/\/tvbrazilusa.com\/2024\/09\/29\/deputada-federal-carla-zambelli-e-diagnosticada-com-sindrome-que-causa-arritmia\/"},"modified":"2024-09-29T16:05:40","modified_gmt":"2024-09-29T16:05:40","slug":"deputada-federal-carla-zambelli-e-diagnosticada-com-sindrome-que-causa-arritmia","status":"publish","type":"post","link":"https:\/\/tvbrazilusa.com\/pt\/2024\/09\/29\/deputada-federal-carla-zambelli-e-diagnosticada-com-sindrome-que-causa-arritmia\/","title":{"rendered":"Deputada Federal Carla Zambelli \u00e9 diagnosticada com s\u00edndrome que causa arritmia"},"content":{"rendered":"<p> <script async src=\"https:\/\/pagead2.googlesyndication.com\/pagead\/js\/adsbygoogle.js?client=ca-pub-8864793242727901\"\r\n     crossorigin=\"anonymous\"><\/script><br \/>\n<\/p>\n<div id=\"taboola-read-more\" style=\"display:block; width:100%\">\n<p>O Hospital do Cora\u00e7\u00e3o (HCor), em S\u00e3o Paulo (SP), informou neste s\u00e1bado (28\/9) que a deputada federal Carla Zambelli (PL-SP) foi diagnosticada com \u201cS\u00edndrome da Taquicardia Postural Orst\u00e1tica\u201d, condi\u00e7\u00e3o condi\u00e7\u00e3o associada \u00e0 arritmia benigna. Al\u00e9m disso, a parlamentar apresenta um quadro de diverticulite aguda. Zambelli est\u00e1 internada desde quinta-feira (26\/9).\n<\/p>\n<p>Segundo o hospital, a diverticulite aguda da congressista \u00e9 preexistente, n\u00e3o complicada, e est\u00e1 sendo tratada com antibi\u00f3ticos. O boletim m\u00e9dico tamb\u00e9m informa que Zambelli responde bem ao tratamento, est\u00e1 est\u00e1vel e dever\u00e1 ter alta do hospital nos pr\u00f3ximos dias.<\/p>\n<p>A deputada deu entrada no HCor no mesmo dia em que deveria comparecer ao Supremo Tribunal Federal (STF) para participar de um depoimento no processo em que \u00e9 r\u00e9 por suposta invas\u00e3o do sistema eletr\u00f4nico do Conselho Nacional de Justi\u00e7a (CNJ).\n<\/p>\n<p>Na quinta, por meio de nota, Zambelli informou que n\u00e3o estaria presente, pois nos \u00faltimos dias havia feito testes de Looper a fim de diagnosticar uma arritmia, e naquela madrugada teve um mal-estar que a fez procurar o hospital.\n<\/p>\n<p>O hacker Walter Delgatti \u00e9 r\u00e9u na mesma investiga\u00e7\u00e3o. Eles tamb\u00e9m s\u00e3o suspeitos de falsidade ideol\u00f3gica.\n<\/p>\n<p>Agora, a nova previs\u00e3o \u00e9 que Zambelli e Delgatti possam ser ouvidos na ter\u00e7a-feira (1\u00ba\/10), j\u00e1 que os r\u00e9us dep\u00f5em depois das testemunhas.\n<\/p>\n<p><strong>Investiga\u00e7\u00e3o<\/strong>\n<\/p>\n<p>Carla Zambelli \u00e9 investigada sob a suspeita de ser a respons\u00e1vel de comandar a invas\u00e3o de sistemas usados pelo Judici\u00e1rio com o intuito de adulterar informa\u00e7\u00f5es oficiais. Enquanto Delgatti teria sido o respons\u00e1vel pela execu\u00e7\u00e3o do crime, praticado entre agosto de 2022 e janeiro de 2023. Zambelli acompanhou em chamada de v\u00eddeo todos os depoimentos.\n<\/p>\n<p>A deputada e o hacker teriam invadido seis sistemas do Poder Judici\u00e1rio por 13 vezes e supostamente inserido nas plataformas 16 documentos falsos, incluindo um mandado de pris\u00e3o contra o ministro Alexandre de Moraes, do STF, seguido pela ordem de quebra de sigilo banc\u00e1rio e bloqueio de bens do ministro do STF.\n<\/p>\n<p>A den\u00fancia da Procuradoria-Geral da Rep\u00fablica afirma que os dois queriam \u201cadulterar dados, tudo no intuito de prejudicar a administra\u00e7\u00e3o do Judici\u00e1rio, da Justi\u00e7a e da credibilidade das institui\u00e7\u00f5es e gerar, com isso, vantagens de ordem pol\u00edtica para a denunciada\u201d e prop\u00f4s que Delgatti e Zambelli respondam por:\n<\/p>\n<p>Invas\u00e3o a dispositivo inform\u00e1tico (art. 154-A do C\u00f3digo Penal): consiste em invadir dispositivo inform\u00e1tico de uso alheio, conectado ou n\u00e3o \u00e0 rede de computadores, com o fim de obter, adulterar ou destruir dados ou informa\u00e7\u00f5es sem autoriza\u00e7\u00e3o expressa ou t\u00e1cita do usu\u00e1rio do dispositivo ou de instalar vulnerabilidades para obter vantagem il\u00edcita;\n<\/p>\n<p>Falsidade ideol\u00f3gica (art. 299 do CP): consiste em inserir ou fazer inserir declara\u00e7\u00e3o falsa ou diversa da que devia ser escrita, com o fim de prejudicar direito, criar obriga\u00e7\u00e3o ou alterar a verdade sobre fato juridicamente relevante.\n<\/p>\n<p>J\u00e1 o Minist\u00e9rio P\u00fablico relatou que, \u201centre agosto e novembro de 2022, Carla Zambelli, ciente de que Walter Delgatti possu\u00eda conhecimento t\u00e9cnico e meios necess\u00e1rios para tanto, o abordou com a proposta de invas\u00e3o a sistemas de elevado interesse p\u00fablico, oferecendo, em retorno pelo servi\u00e7o prestado, a contrata\u00e7\u00e3o formal para presta\u00e7\u00e3o de servi\u00e7os relacionados \u00e0 sua atividade parlamentar\u201d.\n<\/p>\n<p>\u201cCarla Zambelli, diante da informa\u00e7\u00e3o apresentada por Walter Delgatti de que seria vi\u00e1vel a invas\u00e3o ao sistema utilizado pelo CNJ, determinou a concretiza\u00e7\u00e3o da pr\u00e1tica delituosa, que haveria de incluir a emiss\u00e3o de mandado de pris\u00e3o do ministro Alexandre de Moraes, como se ele mesmo estivesse determinando a pr\u00f3pria pris\u00e3o. A denunciada Carla Zambelli foi, ainda, respons\u00e1vel pela elabora\u00e7\u00e3o do texto a ser utilizado por Walter Delgatti na confec\u00e7\u00e3o do mandado fraudulento\u201d, diz a den\u00fancia do MP.\n<\/p>\n<p>Fonte: Metr\u00f3poles <\/p>\n<\/div>\n<p><br \/>\n<br \/><a href=\"https:\/\/diariodobrasilnoticias.com.br\/noticia\/deputada-federal-carla-zambelli-e-diagnosticada-com-sindrome-que-causa-arritmia-66f962f44e6a3\">Source link <\/a><\/p>","protected":false},"excerpt":{"rendered":"<p>O Hospital do Cora\u00e7\u00e3o (HCor), em S\u00e3o Paulo (SP), informou neste s\u00e1bado (28\/9) que a deputada federal Carla Zambelli (PL-SP) foi diagnosticada com \u201cS\u00edndrome da Taquicardia Postural Orst\u00e1tica\u201d, condi\u00e7\u00e3o condi\u00e7\u00e3o&hellip;<\/p>","protected":false},"author":1,"featured_media":43052,"comment_status":"closed","ping_status":"open","sticky":false,"template":"","format":"standard","meta":{"content-type":"","footnotes":""},"categories":[16],"tags":[123,2448,5313,1267],"class_list":["post-43051","post","type-post","status-publish","format-standard","has-post-thumbnail","hentry","category-noticias","tag-brasil","tag-diario","tag-noticia","tag-noticias"],"_links":{"self":[{"href":"https:\/\/tvbrazilusa.com\/pt\/wp-json\/wp\/v2\/posts\/43051","targetHints":{"allow":["GET"]}}],"collection":[{"href":"https:\/\/tvbrazilusa.com\/pt\/wp-json\/wp\/v2\/posts"}],"about":[{"href":"https:\/\/tvbrazilusa.com\/pt\/wp-json\/wp\/v2\/types\/post"}],"author":[{"embeddable":true,"href":"https:\/\/tvbrazilusa.com\/pt\/wp-json\/wp\/v2\/users\/1"}],"replies":[{"embeddable":true,"href":"https:\/\/tvbrazilusa.com\/pt\/wp-json\/wp\/v2\/comments?post=43051"}],"version-history":[{"count":1,"href":"https:\/\/tvbrazilusa.com\/pt\/wp-json\/wp\/v2\/posts\/43051\/revisions"}],"predecessor-version":[{"id":43053,"href":"https:\/\/tvbrazilusa.com\/pt\/wp-json\/wp\/v2\/posts\/43051\/revisions\/43053"}],"wp:featuredmedia":[{"embeddable":true,"href":"https:\/\/tvbrazilusa.com\/pt\/wp-json\/wp\/v2\/media\/43052"}],"wp:attachment":[{"href":"https:\/\/tvbrazilusa.com\/pt\/wp-json\/wp\/v2\/media?parent=43051"}],"wp:term":[{"taxonomy":"category","embeddable":true,"href":"https:\/\/tvbrazilusa.com\/pt\/wp-json\/wp\/v2\/categories?post=43051"},{"taxonomy":"post_tag","embeddable":true,"href":"https:\/\/tvbrazilusa.com\/pt\/wp-json\/wp\/v2\/tags?post=43051"}],"curies":[{"name":"wp","href":"https:\/\/api.w.org\/{rel}","templated":true}]}}