{"id":43057,"date":"2024-09-29T16:30:02","date_gmt":"2024-09-29T16:30:02","guid":{"rendered":"https:\/\/tvbrazilusa.com\/2024\/09\/29\/pobreza-extrema-apenas-15-da-populacao-cubana-consegue-fazer-tres-refeicoes-diarias\/"},"modified":"2024-09-29T16:30:04","modified_gmt":"2024-09-29T16:30:04","slug":"pobreza-extrema-apenas-15-da-populacao-cubana-consegue-fazer-tres-refeicoes-diarias","status":"publish","type":"post","link":"https:\/\/tvbrazilusa.com\/pt\/2024\/09\/29\/pobreza-extrema-apenas-15-da-populacao-cubana-consegue-fazer-tres-refeicoes-diarias\/","title":{"rendered":"Pobreza extrema: apenas 15% da popula\u00e7\u00e3o cubana consegue fazer tr\u00eas refei\u00e7\u00f5es di\u00e1rias"},"content":{"rendered":"<p> <script async src=\"https:\/\/pagead2.googlesyndication.com\/pagead\/js\/adsbygoogle.js?client=ca-pub-8864793242727901\"\r\n     crossorigin=\"anonymous\"><\/script><br \/>\n<\/p>\n<div id=\"taboola-read-more\" style=\"display:block; width:100%\">\n<p>Os cubanos enfrentam uma grave crise econ\u00f4mica e social que se estende por anos. Um novo relat\u00f3rio do Observat\u00f3rio Cubano dos Direitos Humanos (OCDH) revelou que a pobreza extrema disparou neste ano, atingindo 89% da popula\u00e7\u00e3o.\n<\/p>\n<p>A realidade catastr\u00f3fica n\u00e3o \u00e9 nova no contexto da ditadura de Miguel D\u00edaz-Canel. Em compara\u00e7\u00e3o com os dados do ano passado, os n\u00fameros mais recentes representam um ponto a mais que o registrado anteriormente, indicando que a crise generalizada que atinge milh\u00f5es de cubanos est\u00e1 em constante crescimento.<\/p>\n<p>A OCDH afirmou que o novo levantamento exp\u00f5e a pol\u00edtica repressiva de D\u00edaz-Canel, que levou \u00e0 escassez de alimentos e medicamentos na ilha, \u00e0 precariedade dos servi\u00e7os p\u00fablicos b\u00e1sicos, e deteriorou os direitos sociais dos cubanos, &#8220;que vivem sem expectativas de um futuro melhor&#8221;.\n<\/p>\n<p>O relat\u00f3rio aponta que a crise alimentar \u00e9 o principal problema social do pa\u00eds atualmente, afetando 72% da popula\u00e7\u00e3o. Em seguida, aparecem os apag\u00f5es (55%), infla\u00e7\u00e3o e custo de vida (50%). Depois v\u00eam os baixos sal\u00e1rios (49%), a sa\u00fade p\u00fablica (21%) e a corrup\u00e7\u00e3o (20%).\n<\/p>\n<p>Sete em cada dez cubanos deixaram de ter acesso a uma das refei\u00e7\u00f5es do dia (caf\u00e9 da manh\u00e3, almo\u00e7o ou jantar) por falta de dinheiro ou escassez de alimentos na ilha. Apenas 15% conseguem fazer as tr\u00eas refei\u00e7\u00f5es por dia sem interrup\u00e7\u00e3o.\n<\/p>\n<p>Al\u00e9m da escassez de comida, 33% n\u00e3o conseguiram adquirir medicamentos de necessidade devido ao alto pre\u00e7o ou \u00e0 falta nas farm\u00e1cias. Apenas 2% conseguiam obt\u00ea-los nas farm\u00e1cias estaduais.\n<\/p>\n<p>Dos 1.148 entrevistados para o estudo, 89% avaliam negativamente o sistema p\u00fablico de sa\u00fade de Cuba.\n<\/p>\n<p>As parcelas da popula\u00e7\u00e3o em pior situa\u00e7\u00e3o s\u00e3o os idosos (78%), as pessoas que n\u00e3o recebem os antigos aux\u00edlios do regime por conta da crise (61%), os desempregados (44%) e os presos (26%).\n<\/p>\n<p>As condi\u00e7\u00f5es prec\u00e1rias de vida na ilha, comandada pelo l\u00edder do Partido Comunista D\u00edaz-Canel, resultam em uma desaprova\u00e7\u00e3o recorde de 91%, segundo a OCDH. Apenas 4% continuam apoiando a gest\u00e3o econ\u00f4mica e social do regime.\n<\/p>\n<p>Segundo a organiza\u00e7\u00e3o sediada em Madri, 53% dos cubanos, principalmente os mais jovens (de 18 a 30 anos) acreditam que o modelo americano capitalista \u00e9 a melhor op\u00e7\u00e3o para o desenvolvimento nacional, enquanto apenas 3% dos entrevistados veem o atual modelo cubano como uma refer\u00eancia.\n<\/p>\n<p>As entrevistas para o estudo foram feitas por meios digitais, em todas as prov\u00edncias do pa\u00eds, em 78 munic\u00edpios, no per\u00edodo de 8 de maio a 2 de junho de 2024. A margem de erro foi de mais ou menos 2,8 pontos percentuais com um n\u00edvel de confian\u00e7a de 95%.\n<\/p>\n<p>Fonte: Gazeta do Povo <\/p>\n<\/div>\n<p><br \/>\n<br \/><a href=\"https:\/\/diariodobrasilnoticias.com.br\/noticia\/pobreza-extrema-apenas-15-da-populacao-cubana-consegue-fazer-tres-refeicoes-diarias-66f9655f33ebb\">Source link <\/a><\/p>","protected":false},"excerpt":{"rendered":"<p>Os cubanos enfrentam uma grave crise econ\u00f4mica e social que se estende por anos. Um novo relat\u00f3rio do Observat\u00f3rio Cubano dos Direitos Humanos (OCDH) revelou que a pobreza extrema disparou&hellip;<\/p>","protected":false},"author":1,"featured_media":43058,"comment_status":"closed","ping_status":"open","sticky":false,"template":"","format":"standard","meta":{"content-type":"","footnotes":""},"categories":[16],"tags":[123,2448,5313,1267],"class_list":["post-43057","post","type-post","status-publish","format-standard","has-post-thumbnail","hentry","category-noticias","tag-brasil","tag-diario","tag-noticia","tag-noticias"],"_links":{"self":[{"href":"https:\/\/tvbrazilusa.com\/pt\/wp-json\/wp\/v2\/posts\/43057","targetHints":{"allow":["GET"]}}],"collection":[{"href":"https:\/\/tvbrazilusa.com\/pt\/wp-json\/wp\/v2\/posts"}],"about":[{"href":"https:\/\/tvbrazilusa.com\/pt\/wp-json\/wp\/v2\/types\/post"}],"author":[{"embeddable":true,"href":"https:\/\/tvbrazilusa.com\/pt\/wp-json\/wp\/v2\/users\/1"}],"replies":[{"embeddable":true,"href":"https:\/\/tvbrazilusa.com\/pt\/wp-json\/wp\/v2\/comments?post=43057"}],"version-history":[{"count":1,"href":"https:\/\/tvbrazilusa.com\/pt\/wp-json\/wp\/v2\/posts\/43057\/revisions"}],"predecessor-version":[{"id":43059,"href":"https:\/\/tvbrazilusa.com\/pt\/wp-json\/wp\/v2\/posts\/43057\/revisions\/43059"}],"wp:featuredmedia":[{"embeddable":true,"href":"https:\/\/tvbrazilusa.com\/pt\/wp-json\/wp\/v2\/media\/43058"}],"wp:attachment":[{"href":"https:\/\/tvbrazilusa.com\/pt\/wp-json\/wp\/v2\/media?parent=43057"}],"wp:term":[{"taxonomy":"category","embeddable":true,"href":"https:\/\/tvbrazilusa.com\/pt\/wp-json\/wp\/v2\/categories?post=43057"},{"taxonomy":"post_tag","embeddable":true,"href":"https:\/\/tvbrazilusa.com\/pt\/wp-json\/wp\/v2\/tags?post=43057"}],"curies":[{"name":"wp","href":"https:\/\/api.w.org\/{rel}","templated":true}]}}