{"id":43069,"date":"2024-09-29T16:08:05","date_gmt":"2024-09-29T16:08:05","guid":{"rendered":"https:\/\/tvbrazilusa.com\/2024\/09\/29\/apos-a-reducao-no-numero-de-queimadas-brasil-volta-a-registrar-mais-de-1-000-focos-de-incendio-2\/"},"modified":"2024-09-29T17:08:52","modified_gmt":"2024-09-29T17:08:52","slug":"apos-a-reducao-no-numero-de-queimadas-brasil-volta-a-registrar-mais-de-1-000-focos-de-incendio-2","status":"publish","type":"post","link":"https:\/\/tvbrazilusa.com\/pt\/2024\/09\/29\/apos-a-reducao-no-numero-de-queimadas-brasil-volta-a-registrar-mais-de-1-000-focos-de-incendio-2\/","title":{"rendered":"Ap\u00f3s a redu\u00e7\u00e3o no n\u00famero de queimadas, Brasil volta a registrar mais de 1.000 focos de inc\u00eandio"},"content":{"rendered":"<p> <script async src=\"https:\/\/pagead2.googlesyndication.com\/pagead\/js\/adsbygoogle.js?client=ca-pub-8864793242727901\"\r\n     crossorigin=\"anonymous\"><\/script><br \/>\n<\/p>\n<div id=\"taboola-read-more\" style=\"display:block; width:100%\">\n<p>O Brasil registrou 1.085 focos de inc\u00eandio no s\u00e1bado (28.set.2024), segundo dados do BDQueimadas, do Inpe (Instituto Nacional de Pesquisas Espaciais). O pa\u00eds havia registrado uma queda no n\u00famero de alertas, que foram de 1.374 para 934 focos de 5\u00aa feira (26.set) para 6\u00aa feira (27.set).\n<\/p>\n<p>O Par\u00e1 est\u00e1 em 1\u00ba lugar no ranking, com 251 queimadas registradas. Em seguida, est\u00e3o a Bahia, com 196 focos, e Minas Gerais, com 190.<\/p>\n<p>Quanto aos biomas, o Cerrado segue liderando, com 516 registros. Com propens\u00e3o para a expans\u00e3o do fogo por conta da baixa umidade e da alta temperatura, a \u00e1rea atingida pelas chamas em agosto cresceu 177% quando comparado com o mesmo per\u00edodo de 2023.\n<\/p>\n<p>No m\u00eas passado, o Cerrado foi o bioma mais afetado pelas queimadas de agosto, com 2,4 milh\u00f5es de hectares atingidos.\n<\/p>\n<\/p>\n<p>Em 28 dias de setembro, o m\u00eas j\u00e1 ultrapassou agosto, com 81.518 focos de inc\u00eandio. O pa\u00eds havia encerrado o m\u00eas anterior com o pior n\u00famero de queimadas em 14 anos.\n<\/p>\n<p>Setembro j\u00e1 \u00e9 o pior m\u00eas do ano em rela\u00e7\u00e3o aos alertas para as chamas. \u00c9 ainda o setembro com maior n\u00famero de queimadas desde 2010.\n<\/p>\n<p>O pa\u00eds vive a pior seca da hist\u00f3ria, com a pior estiagem em 44 anos, segundo o Cemaden (Centro Nacional de Monitoramento e Alertas de Desastres Naturais). Com a falta de chuvas e os inc\u00eandios criminosos, o Brasil j\u00e1 registrou 208 queimadas em 2024 \u2013o 12\u00ba pior ano desde 1998.\n<\/p>\n<p><img fetchpriority=\"high\" decoding=\"async\" src=\"https:\/\/static.poder360.com.br\/2024\/09\/queimadas-brasil-29-set-2024-2048x2048.png\" alt=\"\" width=\"2048\" height=\"2048\"\/>\n<\/p>\n<p><strong>SECA HIST\u00d3RICA<\/strong>\n<\/p>\n<p>A seca e a estiagem que afetam grande parte dos munic\u00edpios s\u00e3o comuns no inverno brasileiro. A temporada teve in\u00edcio em junho e segue at\u00e9 o final de setembro. No entanto, a intensidade em que ocorrem na esta\u00e7\u00e3o, este ano, \u00e9 at\u00edpica. S\u00e3o 2 os fatores que mais impactam no cen\u00e1rio:\n<\/p>\n<p>Fortes ondas de calor \u2013 foram 6 desde o in\u00edcio da temporada, segundo o Cemaden. Por outro lado, as ondas de frio foram somente 4;\n<\/p>\n<p>Antecipa\u00e7\u00e3o da seca \u2013 em algumas regi\u00f5es do Brasil, o per\u00edodo de seca come\u00e7ou antes do inverno. Na amaz\u00f4nica, por exemplo, a estiagem se intensificou quase 1 m\u00eas antes do previsto, j\u00e1 no in\u00edcio de junho.\n<\/p>\n<p>Na regi\u00e3o da Amaz\u00f4nia, al\u00e9m dos focos de inc\u00eandio, a seca toma formas preocupantes. Os munic\u00edpios amaz\u00f4nicos enfrentam cerca de 1 ano de estiagem. \u00c9 a seca mais longa j\u00e1 registrada. S\u00e3o 3 as principais causas:\n<\/p>\n<p>Intensidade do El Ni\u00f1o \u2013 o regime de chuvas foi impactado pelo fen\u00f4meno que aquece as \u00e1guas do Oceano Pac\u00edfico. Ele teve o pico no in\u00edcio deste ano e influenciou o come\u00e7o da seca;\n<\/p>\n<p>Aquecimento anormal das \u00e1guas do Atl\u00e2ntico Tropical Norte \u2013 a temperatura na regi\u00e3o mar\u00edtima, que fica acima da Am\u00e9rica do Sul, chegou a aumentar de 1,2 \u00b0C a 1,4 \u00b0C em 2023 e 2024;\n<\/p>\n<p>Temperaturas globais recordes \u2013 em julho, o mundo bateu o recorde de maior temperatura j\u00e1 registrada na hist\u00f3ria. O cen\u00e1rio cria condi\u00e7\u00f5es para ondas de calor mais fortes.\n<\/p>\n<p>Fonte: Poder360 <\/p>\n<\/div>\n<p><br \/>\n<br \/><a href=\"https:\/\/tvfloridausa.com\/2024\/09\/29\/apos-a-reducao-no-numero-de-queimadas-brasil-volta-a-registrar-mais-de-1-000-focos-de-incendio\/\">Source link <\/a><\/p>","protected":false},"excerpt":{"rendered":"<p>O Brasil registrou 1.085 focos de inc\u00eandio no s\u00e1bado (28.set.2024), segundo dados do BDQueimadas, do Inpe (Instituto Nacional de Pesquisas Espaciais). O pa\u00eds havia registrado uma queda no n\u00famero de&hellip;<\/p>","protected":false},"author":1,"featured_media":43070,"comment_status":"closed","ping_status":"open","sticky":false,"template":"","format":"standard","meta":{"content-type":"","footnotes":""},"categories":[22],"tags":[],"class_list":["post-43069","post","type-post","status-publish","format-standard","has-post-thumbnail","hentry","category-tv-florida-usa"],"_links":{"self":[{"href":"https:\/\/tvbrazilusa.com\/pt\/wp-json\/wp\/v2\/posts\/43069","targetHints":{"allow":["GET"]}}],"collection":[{"href":"https:\/\/tvbrazilusa.com\/pt\/wp-json\/wp\/v2\/posts"}],"about":[{"href":"https:\/\/tvbrazilusa.com\/pt\/wp-json\/wp\/v2\/types\/post"}],"author":[{"embeddable":true,"href":"https:\/\/tvbrazilusa.com\/pt\/wp-json\/wp\/v2\/users\/1"}],"replies":[{"embeddable":true,"href":"https:\/\/tvbrazilusa.com\/pt\/wp-json\/wp\/v2\/comments?post=43069"}],"version-history":[{"count":1,"href":"https:\/\/tvbrazilusa.com\/pt\/wp-json\/wp\/v2\/posts\/43069\/revisions"}],"predecessor-version":[{"id":43071,"href":"https:\/\/tvbrazilusa.com\/pt\/wp-json\/wp\/v2\/posts\/43069\/revisions\/43071"}],"wp:featuredmedia":[{"embeddable":true,"href":"https:\/\/tvbrazilusa.com\/pt\/wp-json\/wp\/v2\/media\/43070"}],"wp:attachment":[{"href":"https:\/\/tvbrazilusa.com\/pt\/wp-json\/wp\/v2\/media?parent=43069"}],"wp:term":[{"taxonomy":"category","embeddable":true,"href":"https:\/\/tvbrazilusa.com\/pt\/wp-json\/wp\/v2\/categories?post=43069"},{"taxonomy":"post_tag","embeddable":true,"href":"https:\/\/tvbrazilusa.com\/pt\/wp-json\/wp\/v2\/tags?post=43069"}],"curies":[{"name":"wp","href":"https:\/\/api.w.org\/{rel}","templated":true}]}}