{"id":43105,"date":"2024-09-29T19:11:22","date_gmt":"2024-09-29T19:11:22","guid":{"rendered":"https:\/\/tvbrazilusa.com\/2024\/09\/29\/em-mais-um-dia-de-tensao-o-grupo-terrorista-hezbollah-confirma-a-morte-de-mais-um-comandante-por-forcas-israelenses\/"},"modified":"2024-09-29T19:11:24","modified_gmt":"2024-09-29T19:11:24","slug":"em-mais-um-dia-de-tensao-o-grupo-terrorista-hezbollah-confirma-a-morte-de-mais-um-comandante-por-forcas-israelenses","status":"publish","type":"post","link":"https:\/\/tvbrazilusa.com\/pt\/2024\/09\/29\/em-mais-um-dia-de-tensao-o-grupo-terrorista-hezbollah-confirma-a-morte-de-mais-um-comandante-por-forcas-israelenses\/","title":{"rendered":"Em mais um dia de tens\u00e3o, o grupo terrorista Hezbollah confirma a morte de mais um comandante por for\u00e7as israelenses"},"content":{"rendered":"<p> <script async src=\"https:\/\/pagead2.googlesyndication.com\/pagead\/js\/adsbygoogle.js?client=ca-pub-8864793242727901\"\r\n     crossorigin=\"anonymous\"><\/script><br \/>\n<\/p>\n<div id=\"taboola-read-more\" style=\"display:block; width:100%\">\n<p>O Hezbollah reconheceu neste domingo (29) que Nabil Qaouk, comandante da sua Unidade de Seguran\u00e7a Preventiva e membro do conselho central do grupo, foi morto.\n<\/p>\n<p>Em comunicado, o grupo confirmava \u201co mart\u00edrio do estimado estudioso mujahid Sheikh Nabil Qaouk\u201d, que foi morto num ataque israelense \u00e0 \u00e1rea de Chyah, nos arredores de Beirute. O texto n\u00e3o deu mais detalhes.<\/p>\n<p>O Hezbollah disse que Qaouk esteve \u201cconsistentemente presente nas arenas da jihad, perto dos mujahideen na linha de frente\u201d.\n<\/p>\n<p>Israel tinha anunciado neste domingo que matou Qaouk, com os militares do pa\u00eds descrevendo-o como \u201cdiretamente envolvido na promo\u00e7\u00e3o de planos terroristas contra o Estado de Israel e os seus cidad\u00e3os, mesmo nos \u00faltimos dias\u201d.\n<\/p>\n<p>Os Estados Unidos designaram Qaouk como terrorista global em outubro de 2020, dizendo que ele representou o Hezbollah em eventos em homenagem aos terroristas falecidos do grupo, bem como ao comandante da Guarda Revolucion\u00e1ria Iraniana, Qasem Soleimani, que morreu num ataque de drone dos EUA em janeiro de 2020.\n<\/p>\n<p>A morte de Qaouk vem ap\u00f3s o l\u00edder do grupo, Hassan Nasrallah, ser morto em um ataque israelense em Beirute. O corpo de Nasrallah foi encontrado no s\u00e1bado (28).\n<\/p>\n<p><strong>Entenda o conflito entre Israel e Hezbollah<\/strong>\n<\/p>\n<p>Israel tem lan\u00e7ado uma s\u00e9rie de ataques a\u00e9reos em regi\u00f5es do L\u00edbano nos \u00faltimos dias.\n<\/p>\n<p>Na segunda-feira (23), o pa\u00eds teve o dia mais mortal desde a guerra de 2006, com mais de 500 v\u00edtimas fatais.\n<\/p>\n<p>Segundo os militares israelenses, os alvos s\u00e3o integrantes e infraestrutura b\u00e9lica do Hezbollah, uma das for\u00e7as paramilitares mais poderosas do Oriente M\u00e9dio e que \u00e9 apoiada pelo Ir\u00e3.\n<\/p>\n<p>A ofensiva atingiu diversos pontos no L\u00edbano, incluindo a capital do pa\u00eds, Beirute. Milhares de pessoas buscaram ref\u00fagio em abrigos e deixaram cidades do sul do pa\u00eds.\n<\/p>\n<p>Al\u00e9m disso, uma incurs\u00e3o terrestre n\u00e3o foi descartada.O Hezbollah e Israel come\u00e7aram a trocar ataques ap\u00f3s o in\u00edcio da guerra na Faixa de Gaza. O grupo liban\u00eas \u00e9 aliado do Hamas, que invadiu o territ\u00f3rio israelense em 7 de outubro de 2023, matando centenas de pessoas e capturando ref\u00e9ns.\n<\/p>\n<p>Devido aos bombardeios, milhares de moradores do norte de Israel, onde fica a fronteira com o L\u00edbano, tiveram que ser deslocados. O primeiro-ministro Benjamin Netanyahu prometeu diversas vezes fazer com que esses cidad\u00e3os retornem para suas casas.\n<\/p>\n<p>No dia 17 de setembro, Israel adicionou o retorno desses moradores como um objetivo oficial de guerra.\n<\/p>\n<p>Ao menos dois adolescentes brasileiros morreram nos ataques. O Itamaraty condenou a situa\u00e7\u00e3o e pediu o fim das hostilidades. O governo brasileiro tamb\u00e9m avalia uma poss\u00edvel miss\u00e3o de resgate.\n<\/p>\n<p>Fonte: CNN <\/p>\n<\/div>\n<p><br \/>\n<br \/><a href=\"https:\/\/diariodobrasilnoticias.com.br\/noticia\/em-mais-um-dia-de-tensao-o-grupo-terrorista-hezbollah-confirma-a-morte-de-mais-um-comandante-por-forcas-israelenses-66f9783613c54\">Source link <\/a><\/p>","protected":false},"excerpt":{"rendered":"<p>O Hezbollah reconheceu neste domingo (29) que Nabil Qaouk, comandante da sua Unidade de Seguran\u00e7a Preventiva e membro do conselho central do grupo, foi morto. Em comunicado, o grupo confirmava&hellip;<\/p>","protected":false},"author":1,"featured_media":43106,"comment_status":"closed","ping_status":"open","sticky":false,"template":"","format":"standard","meta":{"content-type":"","footnotes":""},"categories":[16],"tags":[123,2448,5313,1267],"class_list":["post-43105","post","type-post","status-publish","format-standard","has-post-thumbnail","hentry","category-noticias","tag-brasil","tag-diario","tag-noticia","tag-noticias"],"_links":{"self":[{"href":"https:\/\/tvbrazilusa.com\/pt\/wp-json\/wp\/v2\/posts\/43105","targetHints":{"allow":["GET"]}}],"collection":[{"href":"https:\/\/tvbrazilusa.com\/pt\/wp-json\/wp\/v2\/posts"}],"about":[{"href":"https:\/\/tvbrazilusa.com\/pt\/wp-json\/wp\/v2\/types\/post"}],"author":[{"embeddable":true,"href":"https:\/\/tvbrazilusa.com\/pt\/wp-json\/wp\/v2\/users\/1"}],"replies":[{"embeddable":true,"href":"https:\/\/tvbrazilusa.com\/pt\/wp-json\/wp\/v2\/comments?post=43105"}],"version-history":[{"count":1,"href":"https:\/\/tvbrazilusa.com\/pt\/wp-json\/wp\/v2\/posts\/43105\/revisions"}],"predecessor-version":[{"id":43107,"href":"https:\/\/tvbrazilusa.com\/pt\/wp-json\/wp\/v2\/posts\/43105\/revisions\/43107"}],"wp:featuredmedia":[{"embeddable":true,"href":"https:\/\/tvbrazilusa.com\/pt\/wp-json\/wp\/v2\/media\/43106"}],"wp:attachment":[{"href":"https:\/\/tvbrazilusa.com\/pt\/wp-json\/wp\/v2\/media?parent=43105"}],"wp:term":[{"taxonomy":"category","embeddable":true,"href":"https:\/\/tvbrazilusa.com\/pt\/wp-json\/wp\/v2\/categories?post=43105"},{"taxonomy":"post_tag","embeddable":true,"href":"https:\/\/tvbrazilusa.com\/pt\/wp-json\/wp\/v2\/tags?post=43105"}],"curies":[{"name":"wp","href":"https:\/\/api.w.org\/{rel}","templated":true}]}}