{"id":43108,"date":"2024-09-29T19:26:36","date_gmt":"2024-09-29T19:26:36","guid":{"rendered":"https:\/\/tvbrazilusa.com\/2024\/09\/29\/eduardo-costa-e-internado\/"},"modified":"2024-09-29T19:26:37","modified_gmt":"2024-09-29T19:26:37","slug":"eduardo-costa-e-internado","status":"publish","type":"post","link":"https:\/\/tvbrazilusa.com\/pt\/2024\/09\/29\/eduardo-costa-e-internado\/","title":{"rendered":"Eduardo Costa \u00e9 internado"},"content":{"rendered":"<p> <script async src=\"https:\/\/pagead2.googlesyndication.com\/pagead\/js\/adsbygoogle.js?client=ca-pub-8864793242727901\"\r\n     crossorigin=\"anonymous\"><\/script><br \/>\n<\/p>\n<div id=\"taboola-read-more\" style=\"display:block; width:100%\">\n<h2>Ap\u00f3s ser diagnosticado com <strong>pneumonia<\/strong>, o cantor <strong>Eduardo Costa<\/strong> foi internado, gerando preocupa\u00e7\u00e3o entre f\u00e3s. Apesar da alta, ele segue em recupera\u00e7\u00e3o.<\/h2>\n<p>O <a href=\"https:\/\/movimentocountry.com\/tag\/eduardo-costa\/\">cantor sertanejo <strong>Eduardo Costa<\/strong><\/a> foi internado recentemente ap\u00f3s receber o diagn\u00f3stico de <strong><a href=\"https:\/\/movimentocountry.com\/tag\/internacao-por-pneumonia\/\">pneumonia<\/a><\/strong>, causando grande preocupa\u00e7\u00e3o entre seus f\u00e3s e seguidores. <a href=\"https:\/\/movimentocountry.com\/ze-vaqueiro-lanca-ep1-do-dvd-ser-tao-eu-com-manu-bahtidao\/\">A<\/a><a href=\"https:\/\/movimentocountry.com\/leonardo-surpreende-em-aparicao-com-o-neto-noah-veja\/\">not\u00edcia<\/a>, divulgada pelo <a href=\"https:\/\/movimentocountry.com\/sertanejo-fecha-contrato-com-a-globo-para-novo-programa\/\">programa<\/a> <strong>Balan\u00e7o Geral<\/strong>, da Record TV, rapidamente se tornou um dos principais assuntos no mundo da <a href=\"https:\/\/movimentocountry.com\/xororo-conta-como-recebeu-o-convite-para-o-rock-in-rio\/\">m\u00fasica sertaneja<\/a>.\n<\/p>\n<div class=\"code-block code-block-9\">\u00a0<\/p>\n<h3><strong>F\u00e3s Preocupados com a Sa\u00fade do Cantor<\/strong><\/h3>\n<p>Nas \u00faltimas semanas, <a href=\"https:\/\/movimentocountry.com\/eduardo-costa-se-emociona-com-carro-da-esposa-guardou-dinheiro\/\">Eduardo Costa<\/a> j\u00e1 havia chamado a aten\u00e7\u00e3o por conta de seu visual notavelmente mais magro, o que gerou <a href=\"https:\/\/movimentocountry.com\/gusttavo-lima-especulacoes-indicam-candidatura-ao-senado-por-goias\/\">especula\u00e7\u00f5es<\/a> de que ele estaria enfrentando problemas de <a href=\"https:\/\/movimentocountry.com\/lauana-prado-treina-com-a-namorada-anote-o-segredo\/\">sa\u00fade<\/a>. Embora o <a href=\"https:\/\/movimentocountry.com\/viuva-chrystian-separacao-ralf\/\">cantor<\/a> tenha assegurado aos f\u00e3s que seu <a href=\"https:\/\/movimentocountry.com\/felipe-araujo-revela-segredo-10-kg\/\">emagrecimento<\/a>fazia parte de um tratamento para <strong>se livrar do <a href=\"https:\/\/movimentocountry.com\/filha-do-cantor-leonardo-fala-sobre-sua-luta-contra-vicio\/\">v\u00edcio<\/a> em anabolizantes e \u00e1lcool<\/strong>, a interna\u00e7\u00e3o devido \u00e0 pneumonia aumentou as preocupa\u00e7\u00f5es.<\/p>\n<p>O <a href=\"https:\/\/movimentocountry.com\/heranca-milionaria-rolando-boldrin\/\">cantor sertanejo<\/a> foi internado na semana passada, mas j\u00e1 recebeu alta. No entanto, ele ainda est\u00e1 em fase de recupera\u00e7\u00e3o. Apesar da situa\u00e7\u00e3o preocupante, o cantor agradeceu o apoio dos f\u00e3s e pediu calma, tranquilizando-os sobre sua recupera\u00e7\u00e3o cont\u00ednua.\n<\/p>\n<p>\u00a0<\/p>\n<\/div>\n<p>MovimentoCountry\u00a0<\/p>\n<\/div>\n<p><br \/>\n<br \/><a href=\"https:\/\/diariodobrasilnoticias.com.br\/noticia\/eduardo-costa-e-internado-66f9a801d03f3\">Source link <\/a><\/p>","protected":false},"excerpt":{"rendered":"<p>Ap\u00f3s ser diagnosticado com pneumonia, o cantor Eduardo Costa foi internado, gerando preocupa\u00e7\u00e3o entre f\u00e3s. Apesar da alta, ele segue em recupera\u00e7\u00e3o. O cantor sertanejo Eduardo Costa foi internado recentemente&hellip;<\/p>","protected":false},"author":1,"featured_media":43109,"comment_status":"closed","ping_status":"open","sticky":false,"template":"","format":"standard","meta":{"content-type":"","footnotes":""},"categories":[16],"tags":[123,2448,5313,1267],"class_list":["post-43108","post","type-post","status-publish","format-standard","has-post-thumbnail","hentry","category-noticias","tag-brasil","tag-diario","tag-noticia","tag-noticias"],"_links":{"self":[{"href":"https:\/\/tvbrazilusa.com\/pt\/wp-json\/wp\/v2\/posts\/43108","targetHints":{"allow":["GET"]}}],"collection":[{"href":"https:\/\/tvbrazilusa.com\/pt\/wp-json\/wp\/v2\/posts"}],"about":[{"href":"https:\/\/tvbrazilusa.com\/pt\/wp-json\/wp\/v2\/types\/post"}],"author":[{"embeddable":true,"href":"https:\/\/tvbrazilusa.com\/pt\/wp-json\/wp\/v2\/users\/1"}],"replies":[{"embeddable":true,"href":"https:\/\/tvbrazilusa.com\/pt\/wp-json\/wp\/v2\/comments?post=43108"}],"version-history":[{"count":1,"href":"https:\/\/tvbrazilusa.com\/pt\/wp-json\/wp\/v2\/posts\/43108\/revisions"}],"predecessor-version":[{"id":43110,"href":"https:\/\/tvbrazilusa.com\/pt\/wp-json\/wp\/v2\/posts\/43108\/revisions\/43110"}],"wp:featuredmedia":[{"embeddable":true,"href":"https:\/\/tvbrazilusa.com\/pt\/wp-json\/wp\/v2\/media\/43109"}],"wp:attachment":[{"href":"https:\/\/tvbrazilusa.com\/pt\/wp-json\/wp\/v2\/media?parent=43108"}],"wp:term":[{"taxonomy":"category","embeddable":true,"href":"https:\/\/tvbrazilusa.com\/pt\/wp-json\/wp\/v2\/categories?post=43108"},{"taxonomy":"post_tag","embeddable":true,"href":"https:\/\/tvbrazilusa.com\/pt\/wp-json\/wp\/v2\/tags?post=43108"}],"curies":[{"name":"wp","href":"https:\/\/api.w.org\/{rel}","templated":true}]}}