{"id":43111,"date":"2024-09-29T19:38:34","date_gmt":"2024-09-29T19:38:34","guid":{"rendered":"https:\/\/tvbrazilusa.com\/2024\/09\/29\/papa-critica-israel-pelos-ataques-aereos-no-libano\/"},"modified":"2024-09-29T19:38:36","modified_gmt":"2024-09-29T19:38:36","slug":"papa-critica-israel-pelos-ataques-aereos-no-libano","status":"publish","type":"post","link":"https:\/\/tvbrazilusa.com\/pt\/2024\/09\/29\/papa-critica-israel-pelos-ataques-aereos-no-libano\/","title":{"rendered":"Papa critica Israel pelos ataques a\u00e9reos no L\u00edbano"},"content":{"rendered":"<p> <script async src=\"https:\/\/pagead2.googlesyndication.com\/pagead\/js\/adsbygoogle.js?client=ca-pub-8864793242727901\"\r\n     crossorigin=\"anonymous\"><\/script><br \/>\n<\/p>\n<div id=\"taboola-read-more\" style=\"display:block; width:100%\">\n<p>O Papa Francisco criticou, neste domingo (29), os ataques a\u00e9reos israelenses no L\u00edbano que mataram o l\u00edder do Hezbollah Sayyed Hassan Nasrallah. Segundo o pont\u00edfice, os ataques militares na regi\u00e3o v\u00e3o &#8220;al\u00e9m da moralidade&#8221;.\n<\/p>\n<p>No voo de volta para Roma da B\u00e9lgica, onde se encontrou com representantes da comunidade cat\u00f3lica, Franciso disse que os pa\u00edses n\u00e3o podem &#8220;exagerar&#8221; no uso de suas for\u00e7as militares.<\/p>\n<p>&#8220;Mesmo na guerra, h\u00e1 uma moralidade a salvaguardar&#8221;, disse ele. &#8220;A guerra \u00e9 imoral. Mas as regras da guerra d\u00e3o a ela alguma moralidade.&#8221;\n<\/p>\n<p>Respondendo a uma pergunta durante uma coletiva de imprensa a bordo sobre os \u00faltimos ataques de Israel, o papa de 87 anos disse: &#8220;A defesa deve ser sempre proporcional ao ataque. Quando h\u00e1 algo desproporcional, voc\u00ea v\u00ea uma tend\u00eancia de dominar que vai al\u00e9m da moralidade.&#8221;\n<\/p>\n<p>Francisco, como l\u00edder de 1,4 bilh\u00e3o de cat\u00f3licos do mundo, frequentemente faz apelos pelo fim de conflitos violentos, mas geralmente \u00e9 cauteloso em parecer determinar os agressores. Ele falou mais abertamente nas \u00faltimas semanas sobre as a\u00e7\u00f5es militares de Israel em sua guerra de quase um ano contra o Hamas.\n<\/p>\n<p>Na semana passada, o papa disse que os ataques a\u00e9reos israelenses no L\u00edbano eram &#8220;inaceit\u00e1veis&#8221; e pediu \u00e0 comunidade internacional que fizesse todo o poss\u00edvel para interromper os combates.\n<\/p>\n<p>Em uma coletiva de imprensa em 28 de setembro, ele condenou as mortes de crian\u00e7as palestinas em ataques israelenses em Gaza.\n<\/p>\n<p>Francisco disse no domingo que fala ao telefone com membros de uma par\u00f3quia cat\u00f3lica em Gaza &#8220;todos os dias&#8221;. Ele disse que os paroquianos lhe contam sobre as condi\u00e7\u00f5es no local e &#8220;tamb\u00e9m a crueldade que est\u00e1 acontecendo l\u00e1&#8221;.\n<\/p>\n<p>Fonte: g1 <\/p>\n<\/div>\n<p><br \/>\n<br \/><a href=\"https:\/\/diariodobrasilnoticias.com.br\/noticia\/papa-critica-israel-pelos-ataques-aereos-no-libano-66f984d60fbf1\">Source link <\/a><\/p>","protected":false},"excerpt":{"rendered":"<p>O Papa Francisco criticou, neste domingo (29), os ataques a\u00e9reos israelenses no L\u00edbano que mataram o l\u00edder do Hezbollah Sayyed Hassan Nasrallah. Segundo o pont\u00edfice, os ataques militares na regi\u00e3o&hellip;<\/p>","protected":false},"author":1,"featured_media":43112,"comment_status":"closed","ping_status":"open","sticky":false,"template":"","format":"standard","meta":{"content-type":"","footnotes":""},"categories":[16],"tags":[123,2448,5313,1267],"class_list":["post-43111","post","type-post","status-publish","format-standard","has-post-thumbnail","hentry","category-noticias","tag-brasil","tag-diario","tag-noticia","tag-noticias"],"_links":{"self":[{"href":"https:\/\/tvbrazilusa.com\/pt\/wp-json\/wp\/v2\/posts\/43111","targetHints":{"allow":["GET"]}}],"collection":[{"href":"https:\/\/tvbrazilusa.com\/pt\/wp-json\/wp\/v2\/posts"}],"about":[{"href":"https:\/\/tvbrazilusa.com\/pt\/wp-json\/wp\/v2\/types\/post"}],"author":[{"embeddable":true,"href":"https:\/\/tvbrazilusa.com\/pt\/wp-json\/wp\/v2\/users\/1"}],"replies":[{"embeddable":true,"href":"https:\/\/tvbrazilusa.com\/pt\/wp-json\/wp\/v2\/comments?post=43111"}],"version-history":[{"count":1,"href":"https:\/\/tvbrazilusa.com\/pt\/wp-json\/wp\/v2\/posts\/43111\/revisions"}],"predecessor-version":[{"id":43113,"href":"https:\/\/tvbrazilusa.com\/pt\/wp-json\/wp\/v2\/posts\/43111\/revisions\/43113"}],"wp:featuredmedia":[{"embeddable":true,"href":"https:\/\/tvbrazilusa.com\/pt\/wp-json\/wp\/v2\/media\/43112"}],"wp:attachment":[{"href":"https:\/\/tvbrazilusa.com\/pt\/wp-json\/wp\/v2\/media?parent=43111"}],"wp:term":[{"taxonomy":"category","embeddable":true,"href":"https:\/\/tvbrazilusa.com\/pt\/wp-json\/wp\/v2\/categories?post=43111"},{"taxonomy":"post_tag","embeddable":true,"href":"https:\/\/tvbrazilusa.com\/pt\/wp-json\/wp\/v2\/tags?post=43111"}],"curies":[{"name":"wp","href":"https:\/\/api.w.org\/{rel}","templated":true}]}}