{"id":43140,"date":"2024-09-29T21:09:14","date_gmt":"2024-09-29T21:09:14","guid":{"rendered":"https:\/\/tvbrazilusa.com\/2024\/09\/29\/alerta-de-elon-musk-o-fim-da-democracia-americana\/"},"modified":"2024-09-29T21:09:15","modified_gmt":"2024-09-29T21:09:15","slug":"alerta-de-elon-musk-o-fim-da-democracia-americana","status":"publish","type":"post","link":"https:\/\/tvbrazilusa.com\/pt\/2024\/09\/29\/alerta-de-elon-musk-o-fim-da-democracia-americana\/","title":{"rendered":"Alerta de Elon Musk: O Fim da Democracia Americana?"},"content":{"rendered":"<p> <script async src=\"https:\/\/pagead2.googlesyndication.com\/pagead\/js\/adsbygoogle.js?client=ca-pub-8864793242727901\"\r\n     crossorigin=\"anonymous\"><\/script><br \/>\n<\/p>\n<div>\n<figure class=\"post-image\">\n<\/figure>\n<p><span style=\"font-size: 12px\">Reprodu\u00e7\u00e3o<\/span><\/p>\n<div id=\"taboola-read-more\" style=\"display:block; width:100%\">\n<p>Elon Musk, conhecido por suas inova\u00e7\u00f5es em tecnologia e espa\u00e7o, voltou sua aten\u00e7\u00e3o para a pol\u00edtica americana com um alerta que ressoou atrav\u00e9s da plataforma X (anteriormente Twitter). Musk argumenta que uma vit\u00f3ria democrata nas elei\u00e7\u00f5es de 2024 poderia representar o fim da democracia como a conhecemos nos Estados Unidos, uma previs\u00e3o que tem gerado tanto apoio quanto cr\u00edticas fervorosas.\n<\/p>\n<p>Musk, atrav\u00e9s de posts no X, sugere que a pol\u00edtica de imigra\u00e7\u00e3o do governo Biden, especialmente a acelera\u00e7\u00e3o da naturaliza\u00e7\u00e3o de imigrantes ilegais, visa alterar o eleitorado de maneira a garantir vit\u00f3rias democratas indefinidamente. Ele destaca que, com apenas uma pequena porcentagem de imigrantes ilegais se naturalizando por ano, milh\u00f5es de novos eleitores poderiam surgir em poucos anos, suficientes para mudar a composi\u00e7\u00e3o de estados indecisos.<\/p>\n<p>A estrat\u00e9gia de imigra\u00e7\u00e3o mencionada por Musk \u00e9 vista por alguns como um plano para garantir hegemonia pol\u00edtica, enquanto outros a veem como uma pol\u00edtica humanit\u00e1ria necess\u00e1ria. Musk argumenta que, se essa tend\u00eancia continuar, estados que tradicionalmente decidem elei\u00e7\u00f5es poderiam se tornar fortalezas democratas, eliminando a possibilidade de competi\u00e7\u00e3o eleitoral significativa.\n<\/p>\n<p>Jr. Melo <\/p>\n<\/div>\n<div class=\"row mt-3\">\n<div class=\"col-sm-6\">\n<p><a href=\"https:\/\/chat.whatsapp.com\/GwURnmOyPiN1XheGYvCspN\" target=\"_blank\" rel=\"noopener\"><br \/>\n<img decoding=\"async\" src=\"https:\/\/diariodobrasilnoticias.com.br\/assets-site\/images\/bot_whatsapp.png\"\/><\/a>\n<\/div>\n<div class=\"col-sm-6\">\n<a href=\"https:\/\/t.me\/+_4gTmi5LKo03OTM5\" target=\"_blank\" rel=\"noopener\"><br \/>\n<img decoding=\"async\" src=\"https:\/\/diariodobrasilnoticias.com.br\/assets-site\/images\/bot_telegram.png\"\/><\/a>\n<\/div>\n<\/div>\n<\/div>\n<p><br \/>\n<br \/><a href=\"https:\/\/diariodobrasilnoticias.com.br\/noticia\/alerta-de-elon-musk-o-fim-da-democracia-americana-66f98d4f2222d\">Source link <\/a><\/p>","protected":false},"excerpt":{"rendered":"<p>Reprodu\u00e7\u00e3o Elon Musk, conhecido por suas inova\u00e7\u00f5es em tecnologia e espa\u00e7o, voltou sua aten\u00e7\u00e3o para a pol\u00edtica americana com um alerta que ressoou atrav\u00e9s da plataforma X (anteriormente Twitter). Musk&hellip;<\/p>","protected":false},"author":1,"featured_media":43141,"comment_status":"closed","ping_status":"open","sticky":false,"template":"","format":"standard","meta":{"content-type":"","footnotes":""},"categories":[16],"tags":[123,2448,5313,1267],"class_list":["post-43140","post","type-post","status-publish","format-standard","has-post-thumbnail","hentry","category-noticias","tag-brasil","tag-diario","tag-noticia","tag-noticias"],"_links":{"self":[{"href":"https:\/\/tvbrazilusa.com\/pt\/wp-json\/wp\/v2\/posts\/43140","targetHints":{"allow":["GET"]}}],"collection":[{"href":"https:\/\/tvbrazilusa.com\/pt\/wp-json\/wp\/v2\/posts"}],"about":[{"href":"https:\/\/tvbrazilusa.com\/pt\/wp-json\/wp\/v2\/types\/post"}],"author":[{"embeddable":true,"href":"https:\/\/tvbrazilusa.com\/pt\/wp-json\/wp\/v2\/users\/1"}],"replies":[{"embeddable":true,"href":"https:\/\/tvbrazilusa.com\/pt\/wp-json\/wp\/v2\/comments?post=43140"}],"version-history":[{"count":1,"href":"https:\/\/tvbrazilusa.com\/pt\/wp-json\/wp\/v2\/posts\/43140\/revisions"}],"predecessor-version":[{"id":43142,"href":"https:\/\/tvbrazilusa.com\/pt\/wp-json\/wp\/v2\/posts\/43140\/revisions\/43142"}],"wp:featuredmedia":[{"embeddable":true,"href":"https:\/\/tvbrazilusa.com\/pt\/wp-json\/wp\/v2\/media\/43141"}],"wp:attachment":[{"href":"https:\/\/tvbrazilusa.com\/pt\/wp-json\/wp\/v2\/media?parent=43140"}],"wp:term":[{"taxonomy":"category","embeddable":true,"href":"https:\/\/tvbrazilusa.com\/pt\/wp-json\/wp\/v2\/categories?post=43140"},{"taxonomy":"post_tag","embeddable":true,"href":"https:\/\/tvbrazilusa.com\/pt\/wp-json\/wp\/v2\/tags?post=43140"}],"curies":[{"name":"wp","href":"https:\/\/api.w.org\/{rel}","templated":true}]}}