{"id":43149,"date":"2024-09-29T21:23:53","date_gmt":"2024-09-29T21:23:53","guid":{"rendered":"https:\/\/tvbrazilusa.com\/2024\/09\/29\/a-sete-dias-das-eleicoes-candidato-de-bolsonaro-em-bh-participa-de-ato-contra-moraes-e-pacheco\/"},"modified":"2024-09-29T21:23:54","modified_gmt":"2024-09-29T21:23:54","slug":"a-sete-dias-das-eleicoes-candidato-de-bolsonaro-em-bh-participa-de-ato-contra-moraes-e-pacheco","status":"publish","type":"post","link":"https:\/\/tvbrazilusa.com\/pt\/2024\/09\/29\/a-sete-dias-das-eleicoes-candidato-de-bolsonaro-em-bh-participa-de-ato-contra-moraes-e-pacheco\/","title":{"rendered":"A sete dias das elei\u00e7\u00f5es, candidato de Bolsonaro em BH participa de ato contra Moraes e Pacheco"},"content":{"rendered":"<p> <script async src=\"https:\/\/pagead2.googlesyndication.com\/pagead\/js\/adsbygoogle.js?client=ca-pub-8864793242727901\"\r\n     crossorigin=\"anonymous\"><\/script><br \/>\n<\/p>\n<p>Candidato do ex-presidente <a class=\"\" href=\"https:\/\/oglobo.globo.com\/tudo-sobre\/politico\/jair-messias-bolsonaro\" data-mrf-link=\"https:\/\/oglobo.globo.com\/tudo-sobre\/politico\/jair-messias-bolsonaro\">Jair Bolsonaro<\/a> \u00e0 prefeitura de Belo Horizonte, o deputado estadual <a class=\"\" href=\"https:\/\/oglobo.globo.com\/tudo-sobre\/politico\/bruno-engler\/\" data-mrf-link=\"https:\/\/oglobo.globo.com\/tudo-sobre\/politico\/bruno-engler\/\">Bruno Engler<\/a> (PL) dedicou seu \u00faltimo domingo antes do primeiro turno das elei\u00e7\u00f5es municipais para participar de um ato com cr\u00edticas ao ministro do Supremo Tribunal Federal (<a class=\"\" href=\"https:\/\/oglobo.globo.com\/tudo-sobre\/instituicao-governamental\/stf\" data-mrf-link=\"https:\/\/oglobo.globo.com\/tudo-sobre\/instituicao-governamental\/stf\">STF<\/a>), <a class=\"\" href=\"https:\/\/oglobo.globo.com\/tudo-sobre\/personalidade\/alexandre-de-moraes\/\" data-mrf-link=\"https:\/\/oglobo.globo.com\/tudo-sobre\/personalidade\/alexandre-de-moraes\/\">Alexandre de Moraes<\/a>.<br \/>A manifesta\u00e7\u00e3o ocorreu na Pra\u00e7a da Liberdade, no Centro-Sul da capital mineira, com a presen\u00e7a dos principais aliados de Engler na capital mineira, o senador Cleitinho (Republicanos) e o deputado federal <a class=\"\" href=\"https:\/\/oglobo.globo.com\/tudo-sobre\/politico\/nikolas-ferreira\/\" data-mrf-link=\"https:\/\/oglobo.globo.com\/tudo-sobre\/politico\/nikolas-ferreira\/\">Nikolas Ferreira<\/a>(PL). Cartazes de \u201cFora, Moraes\u201d e at\u00e9 um boneco infl\u00e1vel do presidente do Senado, <a class=\"\" href=\"https:\/\/oglobo.globo.com\/tudo-sobre\/politico\/rodrigo-pacheco\" data-mrf-link=\"https:\/\/oglobo.globo.com\/tudo-sobre\/politico\/rodrigo-pacheco\">Rodrigo Pacheco<\/a> (PSD), vestido de banana e com os dizeres \u201cse n\u00e3o pautar, vamos cassar\u201d, em refer\u00eancia a um pedido de impeachment protocolado na Casa Legislativa, foram colocados na pra\u00e7a.<\/p>\n<div data-block-type=\"unstyled\" data-block-weight=\"46\" data-block-id=\"5\">\n<p class=\"content-text__container\" data-track-category=\"Link no Texto\" data-track-links=\"\" data-mrf-recirculation=\"Recomenda\u00e7\u00e3o meio do texto\">O partido de Pacheco, o PSD, tamb\u00e9m foi alvo de cr\u00edticas ass\u00edduas. Os presentes reiteraram uma campanha que ocorre nas redes sociais dos bolsonaristas contra os candidatos do partido nas elei\u00e7\u00f5es municipais, \u00e0 exemplo do prefeito Fuad Noman, em Belo Horizonte, e Eduardo Paes, no Rio.<\/p>\n<\/div>\n<div data-block-type=\"unstyled\" data-block-weight=\"48\" data-block-id=\"6\">\n<p class=\"content-text__container\" data-track-category=\"Link no Texto\" data-track-links=\"\" data-mrf-recirculation=\"Recomenda\u00e7\u00e3o meio do texto\">O ato come\u00e7ou com m\u00fasicas gospel e o hino nacional. A todo momento, os presentes reiteravam que se tratava de um evento suprapartid\u00e1rio, sem cunho eleitoral, o que motivou pedidos para que as bandeiras com os n\u00fameros de qualquer candidato fossem abandonadas. Isto, inclusive, foi reiterado por Engler:\n<\/p>\n<\/div>\n<div data-block-type=\"unstyled\" data-block-weight=\"29\" data-block-id=\"7\">\n<p class=\"content-text__container\" data-track-category=\"Link no Texto\" data-track-links=\"\" data-mrf-recirculation=\"Recomenda\u00e7\u00e3o meio do texto\">\u2014 Estamos aqui como cidad\u00e3os, pela nossa liberdade. Temos esse direito de vir, n\u00e3o \u00e9 um evento da minha campanha, mas uma demonstra\u00e7\u00e3o de coragem \u2014 afirmou, \u00e0 imprensa.\n<\/p>\n<div class=\"mc-column content-text active-extra-styles\" data-block-type=\"unstyled\" data-block-weight=\"27\" data-block-id=\"9\">\n<p class=\"content-text__container\" data-track-category=\"Link no Texto\" data-track-links=\"\" data-mrf-recirculation=\"Recomenda\u00e7\u00e3o meio do texto\">De fora de Minas Gerais, os senadores Magno Malta (PL-ES)e Eduardo Gir\u00e3o (Novo-CE) e os deputados Bia Kicis (PL-DF) e Marcel Van Hatten (Novo-RS) marcaram presen\u00e7a.\n<\/p>\n<\/div>\n<div class=\"mc-column content-text active-extra-styles\" data-block-type=\"unstyled\" data-block-weight=\"48\" data-block-id=\"10\">\n<p class=\"content-text__container\" data-track-category=\"Link no Texto\" data-track-links=\"\" data-mrf-recirculation=\"Recomenda\u00e7\u00e3o meio do texto\">\u2014 N\u00f3s estamos aqui porque essa \u00e9 a terra do Pacheco, mas quero lembrar ao senhor Rodrigo Pacheco que modera\u00e7\u00e3o na defesa da Justi\u00e7a se presta a injusti\u00e7a \u2014 disse Bia Kicis. Em seu discurso, o deputado Junio Amaral pediu anistia para os presos do oito de janeiro.\n<\/p>\n<\/div>\n<div class=\"mc-column content-text active-extra-styles\" data-block-type=\"raw\" data-block-weight=\"4\" data-block-id=\"11\">\n<p class=\"content-text__container\" data-mrf-recirculation=\"Recomenda\u00e7\u00e3o meio do texto\">\u00a0\n<\/p>\n<p><h2>De volta ao bolsonarismo<\/h2>\n<\/p>\n<\/div>\n<div class=\"mc-column content-text active-extra-styles\" data-block-type=\"unstyled\" data-block-weight=\"73\" data-block-id=\"12\">\n<p class=\"content-text__container\" data-track-category=\"Link no Texto\" data-track-links=\"\" data-mrf-recirculation=\"Recomenda\u00e7\u00e3o meio do texto\">A estrat\u00e9gia, para atrair votos nessa reta final, diferencia do resto da campanha de Engler, que adotou uma postura mais amena nos \u00faltimos dias. No debate da Record TV neste s\u00e1bado, por exemplo, o bolsonarista trocou seu discurso usualmente mais agressivo por uma postura gentil com os advers\u00e1rios. Em dado momento, ao pontuar suas propostas para as fam\u00edlias at\u00edpicas, disse ter respeito pela deputada federal Duda Salabert (PDT), uma de suas maiores opositoras.\n<\/p>\n<\/div>\n<div class=\"mc-column content-text active-extra-styles\" data-block-type=\"unstyled\" data-block-weight=\"24\" data-block-id=\"13\">\n<p class=\"content-text__container\" data-track-category=\"Link no Texto\" data-track-links=\"\" data-mrf-recirculation=\"Recomenda\u00e7\u00e3o meio do texto\">A agenda de Engler h\u00e1 uma semana das elei\u00e7\u00f5es gerou cr\u00edticas de advers\u00e1rios. Neste s\u00e1bado, Rog\u00e9rio Correia (PT) criticou o evento de cunho nacional:\n<\/p>\n<\/div>\n<div class=\"mc-column content-text active-extra-styles\" data-block-type=\"unstyled\" data-block-weight=\"34\" data-block-id=\"14\">\n<p class=\"content-text__container\" data-track-category=\"Link no Texto\" data-track-links=\"\" data-mrf-recirculation=\"Recomenda\u00e7\u00e3o meio do texto\">\u2014 Estamos h\u00e1 uma semana da elei\u00e7\u00e3o e tem candidato indo para ato contra Alexandre de Moraes. O que isso tem a ver com Belo Horizonte \u2014 questionou o petista, durante embate televisivo.<\/p>\n<p class=\"content-text__container\" data-track-category=\"Link no Texto\" data-track-links=\"\" data-mrf-recirculation=\"Recomenda\u00e7\u00e3o meio do texto\">O GLOBO\u00a0\n<\/p>\n<\/div>\n<\/div>\n<p><br \/>\n<br \/><a href=\"https:\/\/diariodobrasilnoticias.com.br\/noticia\/a-sete-dias-das-eleicoes-candidato-de-bolsonaro-em-bh-participa-de-ato-contra-moraes-e-pacheco-66f9a5263f61d\">Source link <\/a><\/p>","protected":false},"excerpt":{"rendered":"<p>Candidato do ex-presidente Jair Bolsonaro \u00e0 prefeitura de Belo Horizonte, o deputado estadual Bruno Engler (PL) dedicou seu \u00faltimo domingo antes do primeiro turno das elei\u00e7\u00f5es municipais para participar de&hellip;<\/p>","protected":false},"author":1,"featured_media":43150,"comment_status":"closed","ping_status":"open","sticky":false,"template":"","format":"standard","meta":{"content-type":"","footnotes":""},"categories":[16],"tags":[123,2448,5313,1267],"class_list":["post-43149","post","type-post","status-publish","format-standard","has-post-thumbnail","hentry","category-noticias","tag-brasil","tag-diario","tag-noticia","tag-noticias"],"_links":{"self":[{"href":"https:\/\/tvbrazilusa.com\/pt\/wp-json\/wp\/v2\/posts\/43149","targetHints":{"allow":["GET"]}}],"collection":[{"href":"https:\/\/tvbrazilusa.com\/pt\/wp-json\/wp\/v2\/posts"}],"about":[{"href":"https:\/\/tvbrazilusa.com\/pt\/wp-json\/wp\/v2\/types\/post"}],"author":[{"embeddable":true,"href":"https:\/\/tvbrazilusa.com\/pt\/wp-json\/wp\/v2\/users\/1"}],"replies":[{"embeddable":true,"href":"https:\/\/tvbrazilusa.com\/pt\/wp-json\/wp\/v2\/comments?post=43149"}],"version-history":[{"count":1,"href":"https:\/\/tvbrazilusa.com\/pt\/wp-json\/wp\/v2\/posts\/43149\/revisions"}],"predecessor-version":[{"id":43151,"href":"https:\/\/tvbrazilusa.com\/pt\/wp-json\/wp\/v2\/posts\/43149\/revisions\/43151"}],"wp:featuredmedia":[{"embeddable":true,"href":"https:\/\/tvbrazilusa.com\/pt\/wp-json\/wp\/v2\/media\/43150"}],"wp:attachment":[{"href":"https:\/\/tvbrazilusa.com\/pt\/wp-json\/wp\/v2\/media?parent=43149"}],"wp:term":[{"taxonomy":"category","embeddable":true,"href":"https:\/\/tvbrazilusa.com\/pt\/wp-json\/wp\/v2\/categories?post=43149"},{"taxonomy":"post_tag","embeddable":true,"href":"https:\/\/tvbrazilusa.com\/pt\/wp-json\/wp\/v2\/tags?post=43149"}],"curies":[{"name":"wp","href":"https:\/\/api.w.org\/{rel}","templated":true}]}}