{"id":43188,"date":"2024-09-29T23:29:55","date_gmt":"2024-09-29T23:29:55","guid":{"rendered":"https:\/\/tvbrazilusa.com\/2024\/09\/29\/eua-autorizam-exercito-a-reforcar-presenca-de-tropas-no-oriente-medio-em-meio-a-escalada-entre-israel-e-hezbollah\/"},"modified":"2024-09-29T23:29:56","modified_gmt":"2024-09-29T23:29:56","slug":"eua-autorizam-exercito-a-reforcar-presenca-de-tropas-no-oriente-medio-em-meio-a-escalada-entre-israel-e-hezbollah","status":"publish","type":"post","link":"https:\/\/tvbrazilusa.com\/pt\/2024\/09\/29\/eua-autorizam-exercito-a-reforcar-presenca-de-tropas-no-oriente-medio-em-meio-a-escalada-entre-israel-e-hezbollah\/","title":{"rendered":"EUA autorizam Ex\u00e9rcito a refor\u00e7ar presen\u00e7a de tropas no Oriente M\u00e9dio em meio \u00e0 escalada entre Israel e Hezbollah"},"content":{"rendered":"<p> <script async src=\"https:\/\/pagead2.googlesyndication.com\/pagead\/js\/adsbygoogle.js?client=ca-pub-8864793242727901\"\r\n     crossorigin=\"anonymous\"><\/script><br \/>\n<\/p>\n<div id=\"taboola-read-more\" style=\"display:block; width:100%\">\n<p>O Ex\u00e9rcito dos Estados Unidos anunciou neste domingo que est\u00e1 ampliando suas capacidades de suporte a\u00e9reo no Oriente M\u00e9dio e colocando tropas em estado de prontid\u00e3o elevado para poss\u00edvel envio \u00e0 regi\u00e3o, enquanto adverte o Ir\u00e3 contra a expans\u00e3o do conflito em andamento, publicou a ag\u00eancia Reuters. O an\u00fancio foi feito dois dias depois de o presidente dos EUA, Joe Biden, solicitar que o Pent\u00e1gono ajuste a postura das for\u00e7as americanas na regi\u00e3o \u2014 e em meio \u00e0 preocupa\u00e7\u00e3o crescente de que o assassinato do l\u00edder do Hezbollah, apoiado pelo Ir\u00e3, por parte de Israel, possa levar Teer\u00e3 a retaliar.\n<\/p>\n<p>\u201cOs Estados Unidos est\u00e3o determinados a impedir que o Ir\u00e3 e seus parceiros e proxies expandam o conflito\u201d, disse o porta-voz do Pent\u00e1gono, Major General Patrick Ryder, em comunicado. Ele acrescentou que, se o governo iraniano ou grupos apoiados por Teer\u00e3 \u201cusarem esse momento para atacar o pessoal ou os interesses americanos na regi\u00e3o, os Estados Unidos tomar\u00e3o todas as medidas necess\u00e1rias para defender o nosso povo\u201d. Ainda conforme a Reuters, a nota do Pent\u00e1gono ofereceu poucas pistas sobre o tamanho ou o alcance do novo envio a\u00e9reo, afirmando apenas que ele seria refor\u00e7ado.<\/p>\n<p>Na segunda-feira, os EUA j\u00e1 haviam afirmado que enviariam um \u201cpequeno n\u00famero\u201d de tropas adicionais ao Oriente M\u00e9dio em resposta \u00e0s crescentes tens\u00f5es na regi\u00e3o. Na ocasi\u00e3o, Ryder tampouco ofereceu detalhes, declarando que, \u201cpor quest\u00f5es de seguran\u00e7a operacional\u201d, coment\u00e1rios ou dados espec\u00edficos n\u00e3o seriam compartilhados. Ele declarou, contudo, que o envio estava sendo feito \u201ccom muita cautela\u201d. Ao Wall Street Journal, uma fonte da Defesa disse que seriam enviados cerca de 25 soldados.\n<\/p>\n<p>Os EUA t\u00eam milhares de tropas na regi\u00e3o, al\u00e9m de navios de guerra, avi\u00f5es de combate e sistemas de defesa a\u00e9rea implantados para proteger tanto as suas for\u00e7as quanto Israel. Em abril, por exemplo, Washington ajudou a interceptar as centenas de m\u00edsseis e drones bal\u00edsticos lan\u00e7ados pelo Ir\u00e3 contra o Estado judeu em resposta ao ataque ao consulado iraniano em Damasco, na S\u00edria, atribu\u00eddo a Israel.\n<\/p>\n<p><strong>O Globo<\/strong> <\/p>\n<\/div>\n<p><br \/>\n<br \/><a href=\"https:\/\/diariodobrasilnoticias.com.br\/noticia\/eua-autorizam-exercito-a-reforcar-presenca-de-tropas-no-oriente-medio-em-meio-a-escalada-entre-israel-e-hezbollah-66f9de4a4c8b8\">Source link <\/a><\/p>","protected":false},"excerpt":{"rendered":"<p>O Ex\u00e9rcito dos Estados Unidos anunciou neste domingo que est\u00e1 ampliando suas capacidades de suporte a\u00e9reo no Oriente M\u00e9dio e colocando tropas em estado de prontid\u00e3o elevado para poss\u00edvel envio&hellip;<\/p>","protected":false},"author":1,"featured_media":43189,"comment_status":"closed","ping_status":"open","sticky":false,"template":"","format":"standard","meta":{"content-type":"","footnotes":""},"categories":[16],"tags":[123,2448,5313,1267],"class_list":["post-43188","post","type-post","status-publish","format-standard","has-post-thumbnail","hentry","category-noticias","tag-brasil","tag-diario","tag-noticia","tag-noticias"],"_links":{"self":[{"href":"https:\/\/tvbrazilusa.com\/pt\/wp-json\/wp\/v2\/posts\/43188","targetHints":{"allow":["GET"]}}],"collection":[{"href":"https:\/\/tvbrazilusa.com\/pt\/wp-json\/wp\/v2\/posts"}],"about":[{"href":"https:\/\/tvbrazilusa.com\/pt\/wp-json\/wp\/v2\/types\/post"}],"author":[{"embeddable":true,"href":"https:\/\/tvbrazilusa.com\/pt\/wp-json\/wp\/v2\/users\/1"}],"replies":[{"embeddable":true,"href":"https:\/\/tvbrazilusa.com\/pt\/wp-json\/wp\/v2\/comments?post=43188"}],"version-history":[{"count":1,"href":"https:\/\/tvbrazilusa.com\/pt\/wp-json\/wp\/v2\/posts\/43188\/revisions"}],"predecessor-version":[{"id":43190,"href":"https:\/\/tvbrazilusa.com\/pt\/wp-json\/wp\/v2\/posts\/43188\/revisions\/43190"}],"wp:featuredmedia":[{"embeddable":true,"href":"https:\/\/tvbrazilusa.com\/pt\/wp-json\/wp\/v2\/media\/43189"}],"wp:attachment":[{"href":"https:\/\/tvbrazilusa.com\/pt\/wp-json\/wp\/v2\/media?parent=43188"}],"wp:term":[{"taxonomy":"category","embeddable":true,"href":"https:\/\/tvbrazilusa.com\/pt\/wp-json\/wp\/v2\/categories?post=43188"},{"taxonomy":"post_tag","embeddable":true,"href":"https:\/\/tvbrazilusa.com\/pt\/wp-json\/wp\/v2\/tags?post=43188"}],"curies":[{"name":"wp","href":"https:\/\/api.w.org\/{rel}","templated":true}]}}