{"id":43208,"date":"2024-09-30T00:38:45","date_gmt":"2024-09-30T00:38:45","guid":{"rendered":"https:\/\/tvbrazilusa.com\/2024\/09\/30\/moraes-volta-a-negar-soltura-de-mulher-que-pichou-estatua-do-stf\/"},"modified":"2024-09-30T00:38:46","modified_gmt":"2024-09-30T00:38:46","slug":"moraes-volta-a-negar-soltura-de-mulher-que-pichou-estatua-do-stf","status":"publish","type":"post","link":"https:\/\/tvbrazilusa.com\/pt\/2024\/09\/30\/moraes-volta-a-negar-soltura-de-mulher-que-pichou-estatua-do-stf\/","title":{"rendered":"Moraes volta a negar soltura de mulher que pichou est\u00e1tua do STF"},"content":{"rendered":"<p> <script async src=\"https:\/\/pagead2.googlesyndication.com\/pagead\/js\/adsbygoogle.js?client=ca-pub-8864793242727901\"\r\n     crossorigin=\"anonymous\"><\/script><br \/>\n<\/p>\n<div>\n<figure class=\"post-image\">\n<\/figure>\n<p><span style=\"font-size: 12px\">Foto: Reprodu\u00e7\u00e3o\/Poder360<\/span><\/p>\n<div id=\"taboola-read-more\" style=\"display:block; width:100%\">\n<p>O ministro do STF (Supremo Tribunal Federal) Alexandre de Moraes voltou, na 6\u00aa feira (27.set.2024), a negar a soltura da cabeleireira D\u00e9bora Rodrigues dos Santos, de 38 anos, acusada de pichar a est\u00e1tua \u201cA Justi\u00e7a\u201d, que fica em frente \u00e0 sede do STF (Supremo Tribunal Federal), na Pra\u00e7a dos Tr\u00eas Poderes, em Bras\u00edlia, durante os atos extremistas do 8 de Janeiro. \u00c9 o 3\u00ba pedido de soltura protocolado pela defesa de D\u00e9bora que Moraes rejeita. A cabeleireira est\u00e1 presa desde mar\u00e7o de 2023. Ela foi detida pela PF (Pol\u00edcia Federal) na 8\u00aa fase da opera\u00e7\u00e3o Lesa P\u00e1tria, que tinha como alvo os participantes dos atos\u00a0\n<\/p>\n<p>Na decis\u00e3o, Moraes afirma que D\u00e9bora, que tem 2 filhos menores, apresenta \u201cpericulosidade social\u201d. Al\u00e9m disso, o ministro do Supremo diz que as condutas atribu\u00eddas a cabeleireira s\u00e3o \u201cgraves\u201d. A PGR denunciou D\u00e9bora pelos seguintes crimes: associa\u00e7\u00e3o criminosa armada, aboli\u00e7\u00e3o violenta do Estado Democr\u00e1tico de Direito, golpe de Estado, dano qualificado pela viol\u00eancia e grave amea\u00e7a, com emprego de subst\u00e2ncia inflam\u00e1vel, contra o patrim\u00f4nio da Uni\u00e3o e com consider\u00e1vel preju\u00edzo para a v\u00edtima e deteriora\u00e7\u00e3o de patrim\u00f4nio tombado. N\u00e3o foi divulgado at\u00e9 agora se D\u00e9bora entrou em algum\u00a0em algum pr\u00e9dio p\u00fablico e se participou de outras depreda\u00e7\u00f5es ou se apenas esteve na Pra\u00e7a dos Tr\u00eas Poderes, um local aberto. Tampouco foram apresentadas evid\u00eancias de que ela estivesse armada durante os protestos. Em nota, o advogado Helio J\u00fanior disse que receberam a decis\u00e3o de Moraes \u201ccom profunda indigna\u00e7\u00e3o\u201d. Disse que a cabeleireira \u201cenfrenta a dor da separa\u00e7\u00e3o de seus filhos e o peso de um sistema desprovido de empatia\u201d<\/p>\n<p>PODER 360<\/p>\n<\/p><\/div>\n<div class=\"row mt-3\">\n<div class=\"col-sm-6\">\n<p><a href=\"https:\/\/chat.whatsapp.com\/GwURnmOyPiN1XheGYvCspN\" target=\"_blank\" rel=\"noopener\"><br \/>\n<img decoding=\"async\" src=\"https:\/\/diariodobrasilnoticias.com.br\/assets-site\/images\/bot_whatsapp.png\"\/><\/a>\n<\/div>\n<div class=\"col-sm-6\">\n<a href=\"https:\/\/t.me\/+_4gTmi5LKo03OTM5\" target=\"_blank\" rel=\"noopener\"><br \/>\n<img decoding=\"async\" src=\"https:\/\/diariodobrasilnoticias.com.br\/assets-site\/images\/bot_telegram.png\"\/><\/a>\n<\/div>\n<\/div>\n<\/div>\n<p><br \/>\n<br \/><a href=\"https:\/\/diariodobrasilnoticias.com.br\/noticia\/moraes-volta-a-negar-soltura-de-mulher-que-pichou-estatua-do-stf-66f9bcd0c55e4\">Source link <\/a><\/p>","protected":false},"excerpt":{"rendered":"<p>Foto: Reprodu\u00e7\u00e3o\/Poder360 O ministro do STF (Supremo Tribunal Federal) Alexandre de Moraes voltou, na 6\u00aa feira (27.set.2024), a negar a soltura da cabeleireira D\u00e9bora Rodrigues dos Santos, de 38 anos,&hellip;<\/p>","protected":false},"author":1,"featured_media":43209,"comment_status":"closed","ping_status":"open","sticky":false,"template":"","format":"standard","meta":{"content-type":"","footnotes":""},"categories":[16],"tags":[123,2448,5313,1267],"class_list":["post-43208","post","type-post","status-publish","format-standard","has-post-thumbnail","hentry","category-noticias","tag-brasil","tag-diario","tag-noticia","tag-noticias"],"_links":{"self":[{"href":"https:\/\/tvbrazilusa.com\/pt\/wp-json\/wp\/v2\/posts\/43208","targetHints":{"allow":["GET"]}}],"collection":[{"href":"https:\/\/tvbrazilusa.com\/pt\/wp-json\/wp\/v2\/posts"}],"about":[{"href":"https:\/\/tvbrazilusa.com\/pt\/wp-json\/wp\/v2\/types\/post"}],"author":[{"embeddable":true,"href":"https:\/\/tvbrazilusa.com\/pt\/wp-json\/wp\/v2\/users\/1"}],"replies":[{"embeddable":true,"href":"https:\/\/tvbrazilusa.com\/pt\/wp-json\/wp\/v2\/comments?post=43208"}],"version-history":[{"count":1,"href":"https:\/\/tvbrazilusa.com\/pt\/wp-json\/wp\/v2\/posts\/43208\/revisions"}],"predecessor-version":[{"id":43210,"href":"https:\/\/tvbrazilusa.com\/pt\/wp-json\/wp\/v2\/posts\/43208\/revisions\/43210"}],"wp:featuredmedia":[{"embeddable":true,"href":"https:\/\/tvbrazilusa.com\/pt\/wp-json\/wp\/v2\/media\/43209"}],"wp:attachment":[{"href":"https:\/\/tvbrazilusa.com\/pt\/wp-json\/wp\/v2\/media?parent=43208"}],"wp:term":[{"taxonomy":"category","embeddable":true,"href":"https:\/\/tvbrazilusa.com\/pt\/wp-json\/wp\/v2\/categories?post=43208"},{"taxonomy":"post_tag","embeddable":true,"href":"https:\/\/tvbrazilusa.com\/pt\/wp-json\/wp\/v2\/tags?post=43208"}],"curies":[{"name":"wp","href":"https:\/\/api.w.org\/{rel}","templated":true}]}}